{"id":34471,"date":"2020-09-28T17:22:53","date_gmt":"2020-09-28T20:22:53","guid":{"rendered":"https:\/\/anprotec.org.br\/site\/?p=34471"},"modified":"2025-02-26T17:38:55","modified_gmt":"2025-02-26T20:38:55","slug":"sebrae-realiza-o-programacao-especial-em-outubro-o-mes-da-inovacao","status":"publish","type":"post","link":"https:\/\/anprotec.org.br\/site\/2020\/09\/sebrae-realiza-o-programacao-especial-em-outubro-o-mes-da-inovacao\/","title":{"rendered":"Sebrae realiza programa\u00e7\u00e3o especial em outubro, o m\u00eas da inova\u00e7\u00e3o"},"content":{"rendered":"<p>O Sebrae preparou uma programa\u00e7\u00e3o especial durante todo o m\u00eas de\u202foutubro para impulsionar a inova\u00e7\u00e3o no desenvolvimento do Brasil.<\/p>\n<p>Ser\u00e3o quatro semanas com pain\u00e9is, oficinas e dois grandes eventos, tudo online e gratuito.<\/p>\n<p>\u00c9 uma celebra\u00e7\u00e3o da Jornada da Inova\u00e7\u00e3o, iniciada pelo Sebrae em janeiro de 2020, um movimento de todos, porque a inova\u00e7\u00e3o tamb\u00e9m \u00e9 para voc\u00ea!<\/p>\n<p>A inova\u00e7\u00e3o transforma os pequenos neg\u00f3cios e gera valor \u00e0s empresas em todos os munic\u00edpios.<\/p>\n<p>Preparem-se de 1 a 30 de outubro! Inscreva-se <a href=\"http:\/\/bit.ly\/mesdainovacao2020\">http:\/\/bit.ly\/mesdainovacao2020<\/a><\/p>\n<p><a href=\"http:\/\/bit.ly\/mesdainovacao2020\"><img decoding=\"async\" loading=\"lazy\" class=\"size-full wp-image-34472 aligncenter\" src=\"https:\/\/anprotec.org.br\/site\/wp-content\/uploads\/2020\/09\/WhatsApp-Image-2020-09-28-at-17.15.21.jpeg\" alt=\"\" width=\"1000\" height=\"1000\" srcset=\"https:\/\/anprotec.org.br\/site\/wp-content\/uploads\/2020\/09\/WhatsApp-Image-2020-09-28-at-17.15.21.jpeg 1000w, https:\/\/anprotec.org.br\/site\/wp-content\/uploads\/2020\/09\/WhatsApp-Image-2020-09-28-at-17.15.21-300x300.jpeg 300w, https:\/\/anprotec.org.br\/site\/wp-content\/uploads\/2020\/09\/WhatsApp-Image-2020-09-28-at-17.15.21-768x768.jpeg 768w, https:\/\/anprotec.org.br\/site\/wp-content\/uploads\/2020\/09\/WhatsApp-Image-2020-09-28-at-17.15.21-146x146.jpeg 146w, https:\/\/anprotec.org.br\/site\/wp-content\/uploads\/2020\/09\/WhatsApp-Image-2020-09-28-at-17.15.21-50x50.jpeg 50w, https:\/\/anprotec.org.br\/site\/wp-content\/uploads\/2020\/09\/WhatsApp-Image-2020-09-28-at-17.15.21-75x75.jpeg 75w, https:\/\/anprotec.org.br\/site\/wp-content\/uploads\/2020\/09\/WhatsApp-Image-2020-09-28-at-17.15.21-85x85.jpeg 85w, https:\/\/anprotec.org.br\/site\/wp-content\/uploads\/2020\/09\/WhatsApp-Image-2020-09-28-at-17.15.21-80x80.jpeg 80w\" sizes=\"(max-width: 1000px) 100vw, 1000px\" \/><\/a><\/p>\n","protected":false},"excerpt":{"rendered":"<p>O Sebrae preparou uma programa\u00e7\u00e3o especial durante todo o m\u00eas<span class=\"excerpt-hellip\"> [\u2026]<\/span><\/p>\n","protected":false},"author":8,"featured_media":34473,"comment_status":"closed","ping_status":"closed","sticky":false,"template":"","format":"standard","meta":{"footnotes":"","_links_to":"","_links_to_target":""},"categories":[3,383],"tags":[],"calendar":[],"_links":{"self":[{"href":"https:\/\/anprotec.org.br\/site\/wp-json\/wp\/v2\/posts\/34471"}],"collection":[{"href":"https:\/\/anprotec.org.br\/site\/wp-json\/wp\/v2\/posts"}],"about":[{"href":"https:\/\/anprotec.org.br\/site\/wp-json\/wp\/v2\/types\/post"}],"author":[{"embeddable":true,"href":"https:\/\/anprotec.org.br\/site\/wp-json\/wp\/v2\/users\/8"}],"replies":[{"embeddable":true,"href":"https:\/\/anprotec.org.br\/site\/wp-json\/wp\/v2\/comments?post=34471"}],"version-history":[{"count":2,"href":"https:\/\/anprotec.org.br\/site\/wp-json\/wp\/v2\/posts\/34471\/revisions"}],"predecessor-version":[{"id":34495,"href":"https:\/\/anprotec.org.br\/site\/wp-json\/wp\/v2\/posts\/34471\/revisions\/34495"}],"wp:featuredmedia":[{"embeddable":true,"href":"https:\/\/anprotec.org.br\/site\/wp-json\/wp\/v2\/media\/34473"}],"wp:attachment":[{"href":"https:\/\/anprotec.org.br\/site\/wp-json\/wp\/v2\/media?parent=34471"}],"wp:term":[{"taxonomy":"category","embeddable":true,"href":"https:\/\/anprotec.org.br\/site\/wp-json\/wp\/v2\/categories?post=34471"},{"taxonomy":"post_tag","embeddable":true,"href":"https:\/\/anprotec.org.br\/site\/wp-json\/wp\/v2\/tags?post=34471"},{"taxonomy":"calendar","embeddable":true,"href":"https:\/\/anprotec.org.br\/site\/wp-json\/wp\/v2\/calendar?post=34471"}],"curies":[{"name":"wp","href":"https:\/\/api.w.org\/{rel}","templated":true}]}}