{"id":34397,"date":"2020-09-25T11:38:55","date_gmt":"2020-09-25T14:38:55","guid":{"rendered":"https:\/\/anprotec.org.br\/site\/?p=34397"},"modified":"2025-02-26T17:41:23","modified_gmt":"2025-02-26T20:41:23","slug":"facebook-e-baita-aceleram-solucoes-digitais-para-o-pequeno-e-medio-produtor-rural","status":"publish","type":"post","link":"https:\/\/anprotec.org.br\/site\/2020\/09\/facebook-e-baita-aceleram-solucoes-digitais-para-o-pequeno-e-medio-produtor-rural\/","title":{"rendered":"Facebook e Baita aceleram solu\u00e7\u00f5es digitais para o pequeno e m\u00e9dio produtor rural"},"content":{"rendered":"<p>&nbsp;<\/p>\n<p><img decoding=\"async\" loading=\"lazy\" class=\"alignleft size-full wp-image-34398\" src=\"https:\/\/anprotec.org.br\/site\/wp-content\/uploads\/2020\/09\/Sem-t\u00edtulo-12.png\" alt=\"\" width=\"370\" height=\"235\" srcset=\"https:\/\/anprotec.org.br\/site\/wp-content\/uploads\/2020\/09\/Sem-t\u00edtulo-12.png 370w, https:\/\/anprotec.org.br\/site\/wp-content\/uploads\/2020\/09\/Sem-t\u00edtulo-12-300x191.png 300w, https:\/\/anprotec.org.br\/site\/wp-content\/uploads\/2020\/09\/Sem-t\u00edtulo-12-230x146.png 230w, https:\/\/anprotec.org.br\/site\/wp-content\/uploads\/2020\/09\/Sem-t\u00edtulo-12-50x32.png 50w, https:\/\/anprotec.org.br\/site\/wp-content\/uploads\/2020\/09\/Sem-t\u00edtulo-12-118x75.png 118w\" sizes=\"(max-width: 370px) 100vw, 370px\" \/>Facebook e a Baita Aceleradora\u00a0 anunciam o programa\u00a0<strong>CAMPO DIGITAL<\/strong>,\u00a0que ir\u00e1 acelerar startups para desenvolverem solu\u00e7\u00f5es digitais para o agroneg\u00f3cio brasileiro, com foco em pequenos e m\u00e9dios produtores agr\u00edcolas. O programa ser\u00e1 gratuito para startups de todo o Brasil.<\/p>\n<p>A partir de\u00a0<strong>QUINTA-FEIRA (24)<\/strong>, as inscri\u00e7\u00f5es j\u00e1 estar\u00e3o abertas e qualquer startup brasileira que j\u00e1 esteja em fase operacional pode se cadastrar pelo site<strong>\u00a0<a href=\"http:\/\/campodigital.ac\/\">campodigital.ac<\/a><\/strong>\u00a0at\u00e9\u00a0<strong>18 de outubro<\/strong>. Ap\u00f3s o fim das inscri\u00e7\u00f5es, as startups participar\u00e3o de um processo de an\u00e1lise e entrevistas. As dez finalistas ser\u00e3o anunciadas em\u00a0<strong>NOVEMBRO<\/strong>.<\/p>\n<p>As dez startups selecionadas enfrentar\u00e3o o desafio de fornecer solu\u00e7\u00f5es focadas na digitaliza\u00e7\u00e3o da agricultura ou que utilizem a tecnologia para melhorar a produtividade, efici\u00eancia ou sustentabilidade no campo, com foco especial nos pequenos e m\u00e9dios produtores.<\/p>\n<p>O Campo Digital \u00e9 o primeiro programa do Facebook para fomentar o desenvolvimento de novos neg\u00f3cios com foco na agricultura. \u201cDe acordo com o Censo Agropecu\u00e1rio do IBGE, as pequenas propriedades geram 67% dos empregos no setor agropecu\u00e1rio e produzem 70% dos alimentos consumidos no Brasil. Vemos uma oportunidade para fomentar a inova\u00e7\u00e3o digital nesse setor t\u00e3o vital da economia brasileira.\u00a0 Uma pesquisa do McKinsey de maio deste ano mostrou que apenas um ter\u00e7o dos produtores consideram usar ferramentas online para comercializar seus produtos, ou seja, existe um potencial enorme de ganho de efici\u00eancia e escala com o uso ferramentas digitais\u201d explica a gerente de pol\u00edticas p\u00fablicas do Facebook, Andr\u00e9a Leal.<\/p>\n<p>As startups ter\u00e3o acesso a um programa de acelera\u00e7\u00e3o online e mentoria da Baita com dura\u00e7\u00e3o de quatro meses. Ao longo do programa, elas ter\u00e3o ajuda na defini\u00e7\u00e3o de metas e avalia\u00e7\u00e3o do modelo de neg\u00f3cio, palestras, workshops e networking com profissionais do agroneg\u00f3cio. Al\u00e9m da mentoria de profissionais do Facebook e Baita, as startups tamb\u00e9m contar\u00e3o com a capacita\u00e7\u00e3o t\u00e9cnica de especialistas da Esalqtec e Inova\/Unicamp, institui\u00e7\u00f5es reconhecidas nacionalmente pela forma\u00e7\u00e3o de profissionais e startups do agroneg\u00f3cio, da Embrapa Inform\u00e1tica Agropecu\u00e1ria e Instituto de Pesquisas Eldorado, que trazem um conhecimento profundo de tecnologias digitais para o agroneg\u00f3cio. A Confedera\u00e7\u00e3o Nacional da Agricultura e Pecu\u00e1ria do Brasil (CNA) vai suportar os processos de sele\u00e7\u00e3o e acelera\u00e7\u00e3o do programa, refinando a sele\u00e7\u00e3o de startups para que elas tragam solu\u00e7\u00f5es a problemas concretos dos produtores das diversas regi\u00f5es do<\/p>\n<p>Brasil.<\/p>\n<p>Al\u00e9m dos parceiros especializados, o programa contar\u00e1 com a mentoria de startups e empresas de sucesso que j\u00e1 vivem o desafio de atuar com o pequeno e m\u00e9dio agricultor.<\/p>\n<p>\u201cNosso objetivo no programa Campo Digital \u00e9 colocar o pequeno e o m\u00e9dio produtor como foco das solu\u00e7\u00f5es e atender a este segmento de mercado nos desafios de toda a cadeia agro \u2013 do insumo ao consumo. Usaremos toda experi\u00eancia da Baita na acelera\u00e7\u00e3o de startups agro que, aliada \u00e0 parceria com o Facebook, permitir\u00e1 a cada startup potencializar canais j\u00e1 altamente utilizados por estes agricultores no seu dia a dia, como Facebook, Instagram e WhatsApp\u201d, ressalta Rosana Jamal Fernandes, s\u00f3cia da Baita.\u201d<\/p>\n<p>\u201cAcreditamos nesta parceria com o Facebook e a Baita. O nosso objetivo \u00e9 identificar os principais problemas que impactam o nosso setor e buscar as solu\u00e7\u00f5es tecnol\u00f3gicas mais eficazes para o produtor rural. Queremos acompanhar a implanta\u00e7\u00e3o do Projeto Campo Digital, \u00e9 uma excelente oportunidade para incentivar os jovens empreendedores a contribuir com os desafios do agroneg\u00f3cio brasileiro\u201d, afirma Matheus Ferreira, coordenador de inova\u00e7\u00e3o do Sistema CNA\/Senar.<\/p>\n<p>Ao final do programa, em abril de 2021, as startups apresentar\u00e3o seus projetos e junto com a Baita definir\u00e3o os pr\u00f3ximos passos para oferecerem suas solu\u00e7\u00f5es de forma independente. No evento de conclus\u00e3o do programa, o Demoday, os fundadores das startups aceleradas ter\u00e3o a oportunidade de apresentar seus modelos de neg\u00f3cio para um painel de especialistas e de investidores, que incluem a CNA, o IDB Lab (laborat\u00f3rio de inova\u00e7\u00e3o do Grupo Banco Interamericano de Desenvolvimento \u2013 BID), a SP Ventures, Yield Lab e outros fundos de investimento com tese em Agtechs.<\/p>\n<p>&nbsp;<\/p>\n<p><strong>Siga o programa\u00a0CAMPO DIGITAL\u00a0pelas redes sociais<\/strong>\u00a0\u2013 ali divulgaremos eventos, noticias e muito material interessante sobre o agroneg\u00f3cio e os desafios do pequeno e m\u00e9dio agricultor.<\/p>\n<p><strong>Facebook<\/strong>\u00a0 \u2013\u00a0<a href=\"https:\/\/www.facebook.com\/campodigital\">https:\/\/www.facebook.com\/campodigital<\/a><\/p>\n<p><strong>Instagram<\/strong>\u00a0 \u2013\u00a0<a href=\"https:\/\/www.instagram.com\/campodigital.ac\/\">https:\/\/www.instagram.com\/campodigital.ac\/<\/a><\/p>\n<p><strong>Linkedin\u00a0<\/strong>\u00a0\u2013\u00a0 \u00a0<a href=\"https:\/\/www.linkedin.com\/company\/campodigital\">https:\/\/www.linkedin.com\/company\/campodigital<\/a><\/p>\n<p><strong>Twitter\u00a0<\/strong>\u00a0\u00a0\u2013\u00a0 \u00a0\u00a0<a href=\"https:\/\/twitter.com\/campodigital2\">https:\/\/twitter.com\/campodigital2<\/a><\/p>\n","protected":false},"excerpt":{"rendered":"<p>&nbsp; Facebook e a Baita Aceleradora\u00a0 anunciam o programa\u00a0CAMPO DIGITAL,\u00a0que<span class=\"excerpt-hellip\"> [\u2026]<\/span><\/p>\n","protected":false},"author":8,"featured_media":34398,"comment_status":"closed","ping_status":"closed","sticky":false,"template":"","format":"standard","meta":{"footnotes":"","_links_to":"","_links_to_target":""},"categories":[3,383],"tags":[],"calendar":[],"_links":{"self":[{"href":"https:\/\/anprotec.org.br\/site\/wp-json\/wp\/v2\/posts\/34397"}],"collection":[{"href":"https:\/\/anprotec.org.br\/site\/wp-json\/wp\/v2\/posts"}],"about":[{"href":"https:\/\/anprotec.org.br\/site\/wp-json\/wp\/v2\/types\/post"}],"author":[{"embeddable":true,"href":"https:\/\/anprotec.org.br\/site\/wp-json\/wp\/v2\/users\/8"}],"replies":[{"embeddable":true,"href":"https:\/\/anprotec.org.br\/site\/wp-json\/wp\/v2\/comments?post=34397"}],"version-history":[{"count":2,"href":"https:\/\/anprotec.org.br\/site\/wp-json\/wp\/v2\/posts\/34397\/revisions"}],"predecessor-version":[{"id":34400,"href":"https:\/\/anprotec.org.br\/site\/wp-json\/wp\/v2\/posts\/34397\/revisions\/34400"}],"wp:featuredmedia":[{"embeddable":true,"href":"https:\/\/anprotec.org.br\/site\/wp-json\/wp\/v2\/media\/34398"}],"wp:attachment":[{"href":"https:\/\/anprotec.org.br\/site\/wp-json\/wp\/v2\/media?parent=34397"}],"wp:term":[{"taxonomy":"category","embeddable":true,"href":"https:\/\/anprotec.org.br\/site\/wp-json\/wp\/v2\/categories?post=34397"},{"taxonomy":"post_tag","embeddable":true,"href":"https:\/\/anprotec.org.br\/site\/wp-json\/wp\/v2\/tags?post=34397"},{"taxonomy":"calendar","embeddable":true,"href":"https:\/\/anprotec.org.br\/site\/wp-json\/wp\/v2\/calendar?post=34397"}],"curies":[{"name":"wp","href":"https:\/\/api.w.org\/{rel}","templated":true}]}}