{"id":34384,"date":"2020-09-24T17:18:43","date_gmt":"2020-09-24T20:18:43","guid":{"rendered":"https:\/\/anprotec.org.br\/site\/?p=34384"},"modified":"2025-02-26T17:41:42","modified_gmt":"2025-02-26T20:41:42","slug":"edital-para-programa-de-incubacao-cruzada-da-rede-federal-esta-com-inscricoes-abertas","status":"publish","type":"post","link":"https:\/\/anprotec.org.br\/site\/2020\/09\/edital-para-programa-de-incubacao-cruzada-da-rede-federal-esta-com-inscricoes-abertas\/","title":{"rendered":"Edital para Programa de Incuba\u00e7\u00e3o Cruzada da Rede Federal est\u00e1 com inscri\u00e7\u00f5es abertas"},"content":{"rendered":"<p>&nbsp;<\/p>\n<p>O\u00a0Conselho Nacional das Institui\u00e7\u00f5es da Rede Federal de Educa\u00e7\u00e3o Profissional, Cient\u00edfica e Tecnol\u00f3gica (Conif), com o apoio da Associa\u00e7\u00e3o Nacional de Entidades Promotoras de Empreendimentos Inovadores (Anprotec), est\u00e1 com inscri\u00e7\u00f5es abertas para o Programa de Incuba\u00e7\u00e3o cruzada da Rede Federal. A iniciativa \u00e9 inovadora, e visa cruzar as oportunidades de a\u00e7\u00f5es conjuntas e prospec\u00e7\u00e3o de novas parcerias entre os ecossistemas da Rede. A inscri\u00e7\u00e3o e credenciamento dos ambientes de empreendedorismo inovadores foram prorrogadas at\u00e9\u00a0<strong>2 de outubro de 2020.<\/strong><\/p>\n<p>A chamada, objeto do Edital n\u00ba 02\/2020 do Conif, \u00e9 operacionalizada pelos Institutos Federais Fluminense (IFF), do Amazonas (IFAM), do Esp\u00edrito Santo (IFES) e Rond\u00f4nia (IFRO), com o intuito de apoiar o desenvolvimento e a integra\u00e7\u00e3o de empreendimentos com origem na Rede Federal, gerando sinergia entre os ecossistemas inovadores. O programa funcionar\u00e1 em tr\u00eas fases distintas e sequenciais: a sele\u00e7\u00e3o de ambientes de empreendedorismo inovador; a sele\u00e7\u00e3o de empreendedores; e a execu\u00e7\u00e3o, em si, do programa de incuba\u00e7\u00e3o cruzada.<\/p>\n<p>Para a sele\u00e7\u00e3o ser\u00e3o considerados, no m\u00ednimo, dois empreendimentos inovadores por ambiente de empreendedorismo inovador que estejam no est\u00e1gio de maturidade suficiente para prospec\u00e7\u00e3o de parcerias e novos mercados. Ser\u00e3o priorizadas, ainda, as solu\u00e7\u00f5es de\u00a0<em>startups<\/em>\u00a0que abordam um ou mais Objetivos de Desenvolvimento Sustent\u00e1vel (ODS) da ONU.<\/p>\n<p>Segundo Henrique da Hora, diretor de Fomento ao Empreendedorismo e Inova\u00e7\u00e3o do IFF e um dos idealizadores do Programa, a pandemia possui diversas faces danosas e, uma delas, \u00e9 o colapso da economia. \u201cA Rede Federal pode, deve e vai dar sua parcela de contribui\u00e7\u00e3o para a solu\u00e7\u00e3o. Dentre as diversas a\u00e7\u00f5es que j\u00e1 est\u00e3o em curso na Rede, iniciaremos agora o Programa de Incuba\u00e7\u00e3o Cruzada, apoiada em duas caracter\u00edsticas fundamentais da Rede Federal: a capilaridade e a colabora\u00e7\u00e3o\u201d, destaca.<\/p>\n<p>O diretor explica que o programa consiste em criar conex\u00f5es entre os ambientes de empreendedorismo inovador, para que as\u00a0<em>startups<\/em>\u00a0e\u00a0<em>spin offs<\/em>\u00a0criados dentro da Rede, possam se conectar e ajudar mutuamente. \u201cN\u00f3s ajudaremos esses ambientes, que est\u00e3o em estados e munic\u00edpios diferentes, a se conectarem e auxiliarem as economias locais, por meio da nossa capilaridade e coopera\u00e7\u00e3o\u201d, finaliza.<\/p>\n<p><strong><a href=\"http:\/\/portal.conif.org.br\/images\/pdf\/Edital_Incubac%CC%A7a%CC%83o_cruzada_20.pdf\" target=\"_blank\" rel=\"noopener noreferrer\">Acesse o edital!<\/a><\/strong><\/p>\n<p><strong><a href=\"https:\/\/docs.google.com\/forms\/d\/e\/1FAIpQLSdgiY7dckP6Zy9wXJrP__ox8oIh2fv_D0zYPZE3nlIKH5FdrQ\/viewform\" target=\"_blank\" rel=\"noopener noreferrer\">Inscreva-se!\u00a0<\/a><\/strong><\/p>\n<p><img decoding=\"async\" loading=\"lazy\" class=\"aligncenter wp-image-34385 size-large\" src=\"https:\/\/anprotec.org.br\/site\/wp-content\/uploads\/2020\/09\/WhatsApp-Image-2020-09-24-at-16.22.57-1024x1024.jpeg\" alt=\"\" width=\"1024\" height=\"1024\" srcset=\"https:\/\/anprotec.org.br\/site\/wp-content\/uploads\/2020\/09\/WhatsApp-Image-2020-09-24-at-16.22.57-1024x1024.jpeg 1024w, https:\/\/anprotec.org.br\/site\/wp-content\/uploads\/2020\/09\/WhatsApp-Image-2020-09-24-at-16.22.57-300x300.jpeg 300w, https:\/\/anprotec.org.br\/site\/wp-content\/uploads\/2020\/09\/WhatsApp-Image-2020-09-24-at-16.22.57-768x768.jpeg 768w, https:\/\/anprotec.org.br\/site\/wp-content\/uploads\/2020\/09\/WhatsApp-Image-2020-09-24-at-16.22.57-146x146.jpeg 146w, https:\/\/anprotec.org.br\/site\/wp-content\/uploads\/2020\/09\/WhatsApp-Image-2020-09-24-at-16.22.57-50x50.jpeg 50w, https:\/\/anprotec.org.br\/site\/wp-content\/uploads\/2020\/09\/WhatsApp-Image-2020-09-24-at-16.22.57-75x75.jpeg 75w, https:\/\/anprotec.org.br\/site\/wp-content\/uploads\/2020\/09\/WhatsApp-Image-2020-09-24-at-16.22.57-85x85.jpeg 85w, https:\/\/anprotec.org.br\/site\/wp-content\/uploads\/2020\/09\/WhatsApp-Image-2020-09-24-at-16.22.57-80x80.jpeg 80w, https:\/\/anprotec.org.br\/site\/wp-content\/uploads\/2020\/09\/WhatsApp-Image-2020-09-24-at-16.22.57.jpeg 1080w\" sizes=\"(max-width: 1024px) 100vw, 1024px\" \/><\/p>\n","protected":false},"excerpt":{"rendered":"<p>&nbsp; O\u00a0Conselho Nacional das Institui\u00e7\u00f5es da Rede Federal de Educa\u00e7\u00e3o<span class=\"excerpt-hellip\"> [\u2026]<\/span><\/p>\n","protected":false},"author":8,"featured_media":34386,"comment_status":"closed","ping_status":"closed","sticky":false,"template":"","format":"standard","meta":{"footnotes":"","_links_to":"","_links_to_target":""},"categories":[3,383],"tags":[],"calendar":[],"_links":{"self":[{"href":"https:\/\/anprotec.org.br\/site\/wp-json\/wp\/v2\/posts\/34384"}],"collection":[{"href":"https:\/\/anprotec.org.br\/site\/wp-json\/wp\/v2\/posts"}],"about":[{"href":"https:\/\/anprotec.org.br\/site\/wp-json\/wp\/v2\/types\/post"}],"author":[{"embeddable":true,"href":"https:\/\/anprotec.org.br\/site\/wp-json\/wp\/v2\/users\/8"}],"replies":[{"embeddable":true,"href":"https:\/\/anprotec.org.br\/site\/wp-json\/wp\/v2\/comments?post=34384"}],"version-history":[{"count":2,"href":"https:\/\/anprotec.org.br\/site\/wp-json\/wp\/v2\/posts\/34384\/revisions"}],"predecessor-version":[{"id":34388,"href":"https:\/\/anprotec.org.br\/site\/wp-json\/wp\/v2\/posts\/34384\/revisions\/34388"}],"wp:featuredmedia":[{"embeddable":true,"href":"https:\/\/anprotec.org.br\/site\/wp-json\/wp\/v2\/media\/34386"}],"wp:attachment":[{"href":"https:\/\/anprotec.org.br\/site\/wp-json\/wp\/v2\/media?parent=34384"}],"wp:term":[{"taxonomy":"category","embeddable":true,"href":"https:\/\/anprotec.org.br\/site\/wp-json\/wp\/v2\/categories?post=34384"},{"taxonomy":"post_tag","embeddable":true,"href":"https:\/\/anprotec.org.br\/site\/wp-json\/wp\/v2\/tags?post=34384"},{"taxonomy":"calendar","embeddable":true,"href":"https:\/\/anprotec.org.br\/site\/wp-json\/wp\/v2\/calendar?post=34384"}],"curies":[{"name":"wp","href":"https:\/\/api.w.org\/{rel}","templated":true}]}}