{"id":34118,"date":"2020-09-11T10:59:11","date_gmt":"2020-09-11T13:59:11","guid":{"rendered":"https:\/\/anprotec.org.br\/site\/?p=34118"},"modified":"2025-02-26T17:47:33","modified_gmt":"2025-02-26T20:47:33","slug":"anprotec-e-abmen-buscam-mentores-de-empreendimentos-inovadores","status":"publish","type":"post","link":"https:\/\/anprotec.org.br\/site\/2020\/09\/anprotec-e-abmen-buscam-mentores-de-empreendimentos-inovadores\/","title":{"rendered":"Anprotec e ABMEN buscam mentores de empreendimentos inovadores"},"content":{"rendered":"<p>&nbsp;<\/p>\n<p>A Anprotec e a Associa\u00e7\u00e3o Brasileira dos Mentores de Neg\u00f3cios (ABMEN) abrem chamada para identificar, capacitar e selecionar at\u00e9 20 mentores t\u00e9cnicos para o desenvolvimento de empreendimentos inovadores em programas coordenados pela Anprotec. Especialistas &#8211; brasileiros e colombianos &#8211; com mais de dez anos de experi\u00eancia em tecnologias inovadoras podem se inscrever at\u00e9 o dia <strong>28 de setembro<\/strong> para participar do processo.<\/p>\n<p>Os selecionados ser\u00e3o treinados e certificados pela ABMEN a partir de um conjunto de pr\u00e1ticas e experi\u00eancias necess\u00e1rias \u00e0 forma\u00e7\u00e3o e \u00e0 profissionaliza\u00e7\u00e3o de mentores. Posteriormente, eles ser\u00e3o inclu\u00eddos no cadastro nacional de mentores especialistas da Anprotec e poder\u00e3o ser convidados a colaborar em a\u00e7\u00f5es de mentorias em projetos ou programas de incuba\u00e7\u00e3o, acelera\u00e7\u00e3o e internacionaliza\u00e7\u00e3o.<\/p>\n<p>Respeitando as condi\u00e7\u00f5es sanit\u00e1rias de distanciamento social recomendadas pela Organiza\u00e7\u00e3o Mundial da Sa\u00fade (OMS) durante a pandemia de Covid-19, todas as etapas do processo seletivo ocorrer\u00e3o de forma online.<\/p>\n<p><strong>DATAS IMPORTANTES<\/strong><\/p>\n<p><strong>Per\u00edodo de inscri\u00e7\u00e3o:<\/strong> 11 a 28 de setembro<\/p>\n<p><strong>An\u00e1lise e pr\u00e9-sele\u00e7\u00e3o:<\/strong> 29 de setembro a 02 de outubro<\/p>\n<p><strong>Sele\u00e7\u00e3o e treinamento dos mentores:<\/strong> 02 a 06 de outubro<\/p>\n<p>Em caso de d\u00favidas, entre em contato pelo e-mail: <a href=\"mailto:anprotec@abmen.org.br\"><strong>anprotec@abmen.org.br<\/strong><\/a><\/p>\n<p><a href=\"https:\/\/anprotec.org.br\/site\/wp-content\/uploads\/2020\/09\/20200910_Chamada_MentoresTecnicos_Port_Espanhol.pdf\"><strong>CLIQUE AQUI<\/strong><\/a> e confira o edital completo em portugu\u00eas e espanhol.<\/p>\n<p><a href=\"https:\/\/docs.google.com\/forms\/d\/e\/1FAIpQLSd3CPVTBJvs8yNRDWV5bNXbbVOA4oWgyfvQzM2H_pNJ3NJX7A\/viewform?pli=1\"><strong>INSCREVA-SE AQUI!<\/strong><\/a><\/p>\n<p><a href=\"https:\/\/docs.google.com\/forms\/d\/e\/1FAIpQLSd3CPVTBJvs8yNRDWV5bNXbbVOA4oWgyfvQzM2H_pNJ3NJX7A\/viewform?pli=1\" target=\"_blank\" rel=\"noopener noreferrer\"><img decoding=\"async\" loading=\"lazy\" class=\"wp-image-34119 size-large aligncenter\" src=\"https:\/\/anprotec.org.br\/site\/wp-content\/uploads\/2020\/09\/Card-Abmen_2-01-1024x1024.png\" alt=\"\" width=\"1024\" height=\"1024\" srcset=\"https:\/\/anprotec.org.br\/site\/wp-content\/uploads\/2020\/09\/Card-Abmen_2-01-1024x1024.png 1024w, https:\/\/anprotec.org.br\/site\/wp-content\/uploads\/2020\/09\/Card-Abmen_2-01-300x300.png 300w, https:\/\/anprotec.org.br\/site\/wp-content\/uploads\/2020\/09\/Card-Abmen_2-01-768x768.png 768w, https:\/\/anprotec.org.br\/site\/wp-content\/uploads\/2020\/09\/Card-Abmen_2-01-1536x1536.png 1536w, https:\/\/anprotec.org.br\/site\/wp-content\/uploads\/2020\/09\/Card-Abmen_2-01-146x146.png 146w, https:\/\/anprotec.org.br\/site\/wp-content\/uploads\/2020\/09\/Card-Abmen_2-01-50x50.png 50w, https:\/\/anprotec.org.br\/site\/wp-content\/uploads\/2020\/09\/Card-Abmen_2-01-75x75.png 75w, https:\/\/anprotec.org.br\/site\/wp-content\/uploads\/2020\/09\/Card-Abmen_2-01-85x85.png 85w, https:\/\/anprotec.org.br\/site\/wp-content\/uploads\/2020\/09\/Card-Abmen_2-01-80x80.png 80w, https:\/\/anprotec.org.br\/site\/wp-content\/uploads\/2020\/09\/Card-Abmen_2-01.png 1667w\" sizes=\"(max-width: 1024px) 100vw, 1024px\" \/><\/a><\/p>\n","protected":false},"excerpt":{"rendered":"<p>&nbsp; A Anprotec e a Associa\u00e7\u00e3o Brasileira dos Mentores de<span class=\"excerpt-hellip\"> [\u2026]<\/span><\/p>\n","protected":false},"author":8,"featured_media":34123,"comment_status":"closed","ping_status":"closed","sticky":false,"template":"","format":"standard","meta":{"footnotes":"","_links_to":"","_links_to_target":""},"categories":[416,3,383],"tags":[],"calendar":[],"_links":{"self":[{"href":"https:\/\/anprotec.org.br\/site\/wp-json\/wp\/v2\/posts\/34118"}],"collection":[{"href":"https:\/\/anprotec.org.br\/site\/wp-json\/wp\/v2\/posts"}],"about":[{"href":"https:\/\/anprotec.org.br\/site\/wp-json\/wp\/v2\/types\/post"}],"author":[{"embeddable":true,"href":"https:\/\/anprotec.org.br\/site\/wp-json\/wp\/v2\/users\/8"}],"replies":[{"embeddable":true,"href":"https:\/\/anprotec.org.br\/site\/wp-json\/wp\/v2\/comments?post=34118"}],"version-history":[{"count":2,"href":"https:\/\/anprotec.org.br\/site\/wp-json\/wp\/v2\/posts\/34118\/revisions"}],"predecessor-version":[{"id":34122,"href":"https:\/\/anprotec.org.br\/site\/wp-json\/wp\/v2\/posts\/34118\/revisions\/34122"}],"wp:featuredmedia":[{"embeddable":true,"href":"https:\/\/anprotec.org.br\/site\/wp-json\/wp\/v2\/media\/34123"}],"wp:attachment":[{"href":"https:\/\/anprotec.org.br\/site\/wp-json\/wp\/v2\/media?parent=34118"}],"wp:term":[{"taxonomy":"category","embeddable":true,"href":"https:\/\/anprotec.org.br\/site\/wp-json\/wp\/v2\/categories?post=34118"},{"taxonomy":"post_tag","embeddable":true,"href":"https:\/\/anprotec.org.br\/site\/wp-json\/wp\/v2\/tags?post=34118"},{"taxonomy":"calendar","embeddable":true,"href":"https:\/\/anprotec.org.br\/site\/wp-json\/wp\/v2\/calendar?post=34118"}],"curies":[{"name":"wp","href":"https:\/\/api.w.org\/{rel}","templated":true}]}}