{"id":34083,"date":"2020-09-09T14:41:12","date_gmt":"2020-09-09T17:41:12","guid":{"rendered":"https:\/\/anprotec.org.br\/site\/?p=34083"},"modified":"2025-02-26T17:47:56","modified_gmt":"2025-02-26T20:47:56","slug":"1o-anprotalks-cafe-reuine-associados-da-anprotec-em-bate-papo-sobre-capacitacao","status":"publish","type":"post","link":"https:\/\/anprotec.org.br\/site\/2020\/09\/1o-anprotalks-cafe-reuine-associados-da-anprotec-em-bate-papo-sobre-capacitacao\/","title":{"rendered":"1\u00ba AnproTalks Caf\u00e9 re\u00fane associados da Anprotec em bate-papo sobre capacita\u00e7\u00e3o"},"content":{"rendered":"<p>&nbsp;<\/p>\n<p><img decoding=\"async\" loading=\"lazy\" class=\"alignleft size-full wp-image-34092\" src=\"https:\/\/anprotec.org.br\/site\/wp-content\/uploads\/2020\/09\/g.png\" alt=\"\" width=\"370\" height=\"235\" srcset=\"https:\/\/anprotec.org.br\/site\/wp-content\/uploads\/2020\/09\/g.png 370w, https:\/\/anprotec.org.br\/site\/wp-content\/uploads\/2020\/09\/g-300x191.png 300w, https:\/\/anprotec.org.br\/site\/wp-content\/uploads\/2020\/09\/g-230x146.png 230w, https:\/\/anprotec.org.br\/site\/wp-content\/uploads\/2020\/09\/g-50x32.png 50w, https:\/\/anprotec.org.br\/site\/wp-content\/uploads\/2020\/09\/g-118x75.png 118w\" sizes=\"(max-width: 370px) 100vw, 370px\" \/>Na \u00faltima sexta-feira, 04 de setembro, aconteceu o lan\u00e7amento e a 1\u00aa edi\u00e7\u00e3o do AnproTalks Caf\u00e9 \u2013 uma spin-off do AnproTalks para debater assuntos de interesse j\u00e1 levantados junto ao p\u00fablico envolvido no movimento de ambientes de inova\u00e7\u00e3o, como associados e parceiros da Anprotec.<\/p>\n<p>Com o tema \u201c<strong>Desafios da qualifica\u00e7\u00e3o de capital humano em momentos de crise<\/strong>\u201c, o encontro contou com a participa\u00e7\u00e3o de tr\u00eas representantes dos associados: Clarice Martuscello, coordenadora da Incubadora do Instituto G\u00eanesis; Andrea Laurindo Schneck, consultora do CESAR na \u00e1rea de desenvolvimento humano; e Adriana Ferreira diretora executiva do CenTev\/UFV, \u00f3rg\u00e3o no qual est\u00e1 o tecnoPARQ.<\/p>\n<p>O encontro foi moderado pelo superintendente executivo da Anprotec, Guila Calheiros, e tamb\u00e9m teve a participa\u00e7\u00e3o do coordenador de capacita\u00e7\u00f5es da Associa\u00e7\u00e3o, Carlos Eduardo Bizzotto.<\/p>\n<p>Ao iniciar o debate, Clarisse Martuscello ressaltou a import\u00e2ncia da capacidade de adapta\u00e7\u00e3o \u00e0 mudan\u00e7a dos empreendedores e do trabalho em rede. &#8220;Vivemos todos no mesmo mundo, mas, por mais engra\u00e7ado que pare\u00e7a percebemos isso com o v\u00edrus, pois todos tiveram suas vidas afetadas. E, com isso, veio a visibilidade de que estamos todos no mesmo barco. Mas trabalhar em rede \u00e9 outra coisa, que n\u00f3s sempre incentivamos para nossos empreendedores&#8221;, explicou a coordenadora da Incubadora do Instituto G\u00eanesis, j\u00e1 acrescentando: &#8220;N\u00e3o devemos separar a vida digital da anal\u00f3gica. Para a gera\u00e7\u00e3o Z essa diferen\u00e7a entre as rela\u00e7\u00e3o virtuais e presenciais n\u00e3o existe&#8221;.<\/p>\n<p>&#8220;Os ambientes de inova\u00e7\u00e3o s\u00e3o criados para conectar e colocar as pessoas juntas. Esses espa\u00e7os n\u00e3o v\u00e3o deixar de existir, pois as pessoas sempre ter\u00e3o a necessidade de se conectar&#8221;, complementou Guila Calheiros.<\/p>\n<p>Em sua fala, Andrea Schneck tamb\u00e9m abordou a cultura do erro no empreendedorismo &#8211; &#8220;ningu\u00e9m ousa acertando 100%&#8221; &#8211; e a necessidade de reorganiza\u00e7\u00e3o dos ambientes de inova\u00e7\u00e3o. &#8220;Precisamos criar ambientes org\u00e2nicos para continuar promovendo trocas de experi\u00eancias e conhecimentos&#8221;, disse a consultora do CESAR na \u00e1rea de desenvolvimento humano. &#8220;Os encontros ser\u00e3o resignificados. E os espa\u00e7os f\u00edsicos das institui\u00e7\u00f5es tamb\u00e9m j\u00e1 est\u00e3o se resignificando&#8221;, acrescentou o superintendente executivo da Anprotec.<\/p>\n<p>Finalizando as primeiras apresenta\u00e7\u00f5es, antes das intera\u00e7\u00f5es com os participantes, Adriana Ferreira apontou que a qualifica\u00e7\u00e3o de pessoas n\u00e3o pode ser pensada apenas durante momentos de crise. &#8220;Nosso desafio \u00e9 preparar as pessoas para a vida. H\u00e1 momentos mais f\u00e1ceis e outros mais dif\u00edceis. Por isso, o prop\u00f3sito das organiza\u00e7\u00f5es \u00e9 muito importante. Como as pessoas v\u00e3o dar o seu melhor se n\u00e3o t\u00eam identifica\u00e7\u00e3o?&#8221;, colocou a iretora executiva do CenTev\/UFV.<\/p>\n<p><strong>Desafio de manter e reter profissionais<\/strong><\/p>\n<p>Durante o debate, as tr\u00eas especialistas deram dicas sobre como estruturar e manter as equipes de trabalho e destacaram importantes pontos, como:<\/p>\n<ul>\n<li>Investimento em qualifica\u00e7\u00e3o;<\/li>\n<li>Necessidade de convergir prop\u00f3sitos (pessoais e organizacionais);<\/li>\n<li>Cuidado com ass\u00e9dio aos profissionais de maneira virtual;<\/li>\n<li>Olhar para dentro da institui\u00e7\u00e3o (SWOT);<\/li>\n<li>Analisar o valor percebido e atribu\u00eddo por parte do cliente;<\/li>\n<li>Confian\u00e7a e liberdade para a equipe;<\/li>\n<li>Desenvolvimento da lideran\u00e7a com prop\u00f3sito.<\/li>\n<\/ul>\n<p>Na ocasi\u00e3o, tamb\u00e9m aconteceu o lan\u00e7amento do curso digital de&#8221;<strong><a href=\"https:\/\/anprotec.org.br\/site\/cursoplanejamentoeimplantacao\/\" target=\"_blank\" rel=\"noopener noreferrer\">Planejamento e Implanta\u00e7\u00e3o de Ambientes de Inova\u00e7\u00e3o<\/a><\/strong>&#8221; e da &#8220;<strong><a href=\"https:\/\/anprotec.org.br\/site\/implantacaocerneoutubro\/\" target=\"_blank\" rel=\"noopener noreferrer\">Implanta\u00e7\u00e3o &#8211; tamb\u00e9m digital &#8211; do Modelo Cerne de Gest\u00e3o de Incubadoras<\/a><\/strong>&#8220;, que acontecem durante o m\u00eas de outubro a partir de lives e exerc\u00edcios sempre no per\u00edodo da noite, das 18h \u00e0s 21h.<\/p>\n<p>Clique nos respectivos links dos cursos e confira a metodologia de cada aula e o investimento. H\u00e1 desconto para grupos de at\u00e9 cinco pessoas da mesma institui\u00e7\u00e3o e condi\u00e7\u00f5es especiais para associados Anprotec.<\/p>\n<p><strong><a href=\"https:\/\/www.youtube.com\/watch?v=7BUwEZ31DB0&amp;feature=youtu.be\" target=\"_blank\" rel=\"noopener noreferrer\">Confira aqui o v\u00eddeo do encontro na \u00edntegra.<\/a><\/strong><\/p>\n","protected":false},"excerpt":{"rendered":"<p>&nbsp; Na \u00faltima sexta-feira, 04 de setembro, aconteceu o lan\u00e7amento<span class=\"excerpt-hellip\"> [\u2026]<\/span><\/p>\n","protected":false},"author":8,"featured_media":34092,"comment_status":"closed","ping_status":"closed","sticky":false,"template":"","format":"standard","meta":{"footnotes":"","_links_to":"","_links_to_target":""},"categories":[391,3],"tags":[],"calendar":[],"_links":{"self":[{"href":"https:\/\/anprotec.org.br\/site\/wp-json\/wp\/v2\/posts\/34083"}],"collection":[{"href":"https:\/\/anprotec.org.br\/site\/wp-json\/wp\/v2\/posts"}],"about":[{"href":"https:\/\/anprotec.org.br\/site\/wp-json\/wp\/v2\/types\/post"}],"author":[{"embeddable":true,"href":"https:\/\/anprotec.org.br\/site\/wp-json\/wp\/v2\/users\/8"}],"replies":[{"embeddable":true,"href":"https:\/\/anprotec.org.br\/site\/wp-json\/wp\/v2\/comments?post=34083"}],"version-history":[{"count":2,"href":"https:\/\/anprotec.org.br\/site\/wp-json\/wp\/v2\/posts\/34083\/revisions"}],"predecessor-version":[{"id":34112,"href":"https:\/\/anprotec.org.br\/site\/wp-json\/wp\/v2\/posts\/34083\/revisions\/34112"}],"wp:featuredmedia":[{"embeddable":true,"href":"https:\/\/anprotec.org.br\/site\/wp-json\/wp\/v2\/media\/34092"}],"wp:attachment":[{"href":"https:\/\/anprotec.org.br\/site\/wp-json\/wp\/v2\/media?parent=34083"}],"wp:term":[{"taxonomy":"category","embeddable":true,"href":"https:\/\/anprotec.org.br\/site\/wp-json\/wp\/v2\/categories?post=34083"},{"taxonomy":"post_tag","embeddable":true,"href":"https:\/\/anprotec.org.br\/site\/wp-json\/wp\/v2\/tags?post=34083"},{"taxonomy":"calendar","embeddable":true,"href":"https:\/\/anprotec.org.br\/site\/wp-json\/wp\/v2\/calendar?post=34083"}],"curies":[{"name":"wp","href":"https:\/\/api.w.org\/{rel}","templated":true}]}}