{"id":33572,"date":"2020-08-17T15:58:14","date_gmt":"2020-08-17T18:58:14","guid":{"rendered":"https:\/\/anprotec.org.br\/site\/?p=33572"},"modified":"2025-02-26T15:02:21","modified_gmt":"2025-02-26T18:02:21","slug":"participe-do-projeto-municipios-prato-cheio-para-o-desenvolvimento","status":"publish","type":"post","link":"https:\/\/anprotec.org.br\/site\/2020\/08\/participe-do-projeto-municipios-prato-cheio-para-o-desenvolvimento\/","title":{"rendered":"Participe do Projeto Munic\u00edpios: prato cheio para o desenvolvimento"},"content":{"rendered":"<p>Voc\u00ea j\u00e1 conhece a iniciativa Munic\u00edpios: Prato Cheio para o Desenvolvimento?<\/p>\n<p>\u00c9 um movimento de amparo a fam\u00edlias vulner\u00e1veis de todo o pa\u00eds, que enfrentam ainda mais dificuldades em decorr\u00eancia da atual crise sanit\u00e1ria, social e econ\u00f4mica vivenciada pelo mundo.<\/p>\n<p>Para tanto, foi criado um fundo financeiro para a compra e a distribui\u00e7\u00e3o de itens essenciais, como alimentos e produtos de limpeza e higiene. A aquisi\u00e7\u00e3o desses vai ocorrer por meio de comerciantes locais e beneficiar a popula\u00e7\u00e3o mais vulner\u00e1vel de pequenos Munic\u00edpios com baixo \u00cdndice de Desenvolvimento Humano (IDH).<\/p>\n<p>Apoie voc\u00ea tamb\u00e9m e fa\u00e7a parte dessa rede de uni\u00e3o e solidariedade em prol das fam\u00edlias mais vulner\u00e1veis de nosso pa\u00eds. Juntos somos mais fortes.<\/p>\n<p>Saiba mais em www.pratocheio.cnm.org.br<\/p>\n<p><img decoding=\"async\" loading=\"lazy\" class=\"size-large wp-image-33574 aligncenter\" src=\"https:\/\/anprotec.org.br\/site\/wp-content\/uploads\/2020\/08\/100820_RedeseWhatsapp-1-1024x1024.jpeg\" alt=\"\" width=\"1024\" height=\"1024\" srcset=\"https:\/\/anprotec.org.br\/site\/wp-content\/uploads\/2020\/08\/100820_RedeseWhatsapp-1-1024x1024.jpeg 1024w, https:\/\/anprotec.org.br\/site\/wp-content\/uploads\/2020\/08\/100820_RedeseWhatsapp-1-300x300.jpeg 300w, https:\/\/anprotec.org.br\/site\/wp-content\/uploads\/2020\/08\/100820_RedeseWhatsapp-1-768x768.jpeg 768w, https:\/\/anprotec.org.br\/site\/wp-content\/uploads\/2020\/08\/100820_RedeseWhatsapp-1-146x146.jpeg 146w, https:\/\/anprotec.org.br\/site\/wp-content\/uploads\/2020\/08\/100820_RedeseWhatsapp-1-50x50.jpeg 50w, https:\/\/anprotec.org.br\/site\/wp-content\/uploads\/2020\/08\/100820_RedeseWhatsapp-1-75x75.jpeg 75w, https:\/\/anprotec.org.br\/site\/wp-content\/uploads\/2020\/08\/100820_RedeseWhatsapp-1-85x85.jpeg 85w, https:\/\/anprotec.org.br\/site\/wp-content\/uploads\/2020\/08\/100820_RedeseWhatsapp-1-80x80.jpeg 80w, https:\/\/anprotec.org.br\/site\/wp-content\/uploads\/2020\/08\/100820_RedeseWhatsapp-1.jpeg 1280w\" sizes=\"(max-width: 1024px) 100vw, 1024px\" \/><\/p>\n","protected":false},"excerpt":{"rendered":"<p>Voc\u00ea j\u00e1 conhece a iniciativa Munic\u00edpios: Prato Cheio para o<span class=\"excerpt-hellip\"> [\u2026]<\/span><\/p>\n","protected":false},"author":8,"featured_media":33573,"comment_status":"closed","ping_status":"closed","sticky":false,"template":"","format":"standard","meta":{"footnotes":"","_links_to":"","_links_to_target":""},"categories":[3,383],"tags":[],"calendar":[],"_links":{"self":[{"href":"https:\/\/anprotec.org.br\/site\/wp-json\/wp\/v2\/posts\/33572"}],"collection":[{"href":"https:\/\/anprotec.org.br\/site\/wp-json\/wp\/v2\/posts"}],"about":[{"href":"https:\/\/anprotec.org.br\/site\/wp-json\/wp\/v2\/types\/post"}],"author":[{"embeddable":true,"href":"https:\/\/anprotec.org.br\/site\/wp-json\/wp\/v2\/users\/8"}],"replies":[{"embeddable":true,"href":"https:\/\/anprotec.org.br\/site\/wp-json\/wp\/v2\/comments?post=33572"}],"version-history":[{"count":2,"href":"https:\/\/anprotec.org.br\/site\/wp-json\/wp\/v2\/posts\/33572\/revisions"}],"predecessor-version":[{"id":33576,"href":"https:\/\/anprotec.org.br\/site\/wp-json\/wp\/v2\/posts\/33572\/revisions\/33576"}],"wp:featuredmedia":[{"embeddable":true,"href":"https:\/\/anprotec.org.br\/site\/wp-json\/wp\/v2\/media\/33573"}],"wp:attachment":[{"href":"https:\/\/anprotec.org.br\/site\/wp-json\/wp\/v2\/media?parent=33572"}],"wp:term":[{"taxonomy":"category","embeddable":true,"href":"https:\/\/anprotec.org.br\/site\/wp-json\/wp\/v2\/categories?post=33572"},{"taxonomy":"post_tag","embeddable":true,"href":"https:\/\/anprotec.org.br\/site\/wp-json\/wp\/v2\/tags?post=33572"},{"taxonomy":"calendar","embeddable":true,"href":"https:\/\/anprotec.org.br\/site\/wp-json\/wp\/v2\/calendar?post=33572"}],"curies":[{"name":"wp","href":"https:\/\/api.w.org\/{rel}","templated":true}]}}