{"id":33564,"date":"2020-08-17T11:50:03","date_gmt":"2020-08-17T14:50:03","guid":{"rendered":"https:\/\/anprotec.org.br\/site\/?p=33564"},"modified":"2025-02-26T14:57:54","modified_gmt":"2025-02-26T17:57:54","slug":"enimpacto-realiza-webinar-sobre-negocios-de-impacto-social-e-ensino-superior-no-dia-25-de-agosto","status":"publish","type":"post","link":"https:\/\/anprotec.org.br\/site\/2020\/08\/enimpacto-realiza-webinar-sobre-negocios-de-impacto-social-e-ensino-superior-no-dia-25-de-agosto\/","title":{"rendered":"ENIMPACTO realiza webinar sobre neg\u00f3cios de impacto social e ensino superior no dia 25 de agosto"},"content":{"rendered":"<div class=\"\">\n<div class=\"\" dir=\"auto\">\n<div dir=\"ltr\"><\/div>\n<div dir=\"ltr\"><\/div>\n<div class=\"\" dir=\"ltr\">O Comit\u00ea da Estrat\u00e9gia Nacional de Investimentos e Neg\u00f3cios de Impacto (ENIMPACTO) convida a todos a participar do webinar &#8220;Neg\u00f3cios de Impacto Social\u00a0 e Ensino Superior: um di\u00e1logo necess\u00e1rio&#8221;, na pr\u00f3xima ter\u00e7a-feira, dia <strong>25\/8 \u00e0s 14h<\/strong>.<\/div>\n<div dir=\"ltr\"><\/div>\n<div class=\"\" dir=\"ltr\"><strong><a href=\"https:\/\/us02web.zoom.us\/meeting\/register\/tZErcuiqqT8pH90x2EQqa76wBz4nud0O23rW\" target=\"_blank\" rel=\"noopener noreferrer\">Clique aqui e INSCREVA-SE!<\/a><\/strong><\/div>\n<div dir=\"ltr\"><\/div>\n<\/div>\n<\/div>\n<p><a href=\"https:\/\/us02web.zoom.us\/meeting\/register\/tZErcuiqqT8pH90x2EQqa76wBz4nud0O23rW\" target=\"_blank\" rel=\"noopener noreferrer\"><img decoding=\"async\" loading=\"lazy\" class=\"size-full wp-image-33649 aligncenter\" src=\"https:\/\/anprotec.org.br\/site\/wp-content\/uploads\/2020\/08\/117772405_1950199118446692_7497737163099881335_n.jpg\" alt=\"\" width=\"782\" height=\"720\" srcset=\"https:\/\/anprotec.org.br\/site\/wp-content\/uploads\/2020\/08\/117772405_1950199118446692_7497737163099881335_n.jpg 782w, https:\/\/anprotec.org.br\/site\/wp-content\/uploads\/2020\/08\/117772405_1950199118446692_7497737163099881335_n-300x276.jpg 300w, https:\/\/anprotec.org.br\/site\/wp-content\/uploads\/2020\/08\/117772405_1950199118446692_7497737163099881335_n-768x707.jpg 768w, https:\/\/anprotec.org.br\/site\/wp-content\/uploads\/2020\/08\/117772405_1950199118446692_7497737163099881335_n-159x146.jpg 159w, https:\/\/anprotec.org.br\/site\/wp-content\/uploads\/2020\/08\/117772405_1950199118446692_7497737163099881335_n-50x46.jpg 50w, https:\/\/anprotec.org.br\/site\/wp-content\/uploads\/2020\/08\/117772405_1950199118446692_7497737163099881335_n-81x75.jpg 81w\" sizes=\"(max-width: 782px) 100vw, 782px\" \/><\/a><\/p>\n","protected":false},"excerpt":{"rendered":"<p>O Comit\u00ea da Estrat\u00e9gia Nacional de Investimentos e Neg\u00f3cios de<span class=\"excerpt-hellip\"> [\u2026]<\/span><\/p>\n","protected":false},"author":8,"featured_media":33566,"comment_status":"closed","ping_status":"closed","sticky":false,"template":"","format":"standard","meta":{"footnotes":"","_links_to":"","_links_to_target":""},"categories":[3,383],"tags":[],"calendar":[],"_links":{"self":[{"href":"https:\/\/anprotec.org.br\/site\/wp-json\/wp\/v2\/posts\/33564"}],"collection":[{"href":"https:\/\/anprotec.org.br\/site\/wp-json\/wp\/v2\/posts"}],"about":[{"href":"https:\/\/anprotec.org.br\/site\/wp-json\/wp\/v2\/types\/post"}],"author":[{"embeddable":true,"href":"https:\/\/anprotec.org.br\/site\/wp-json\/wp\/v2\/users\/8"}],"replies":[{"embeddable":true,"href":"https:\/\/anprotec.org.br\/site\/wp-json\/wp\/v2\/comments?post=33564"}],"version-history":[{"count":3,"href":"https:\/\/anprotec.org.br\/site\/wp-json\/wp\/v2\/posts\/33564\/revisions"}],"predecessor-version":[{"id":33650,"href":"https:\/\/anprotec.org.br\/site\/wp-json\/wp\/v2\/posts\/33564\/revisions\/33650"}],"wp:featuredmedia":[{"embeddable":true,"href":"https:\/\/anprotec.org.br\/site\/wp-json\/wp\/v2\/media\/33566"}],"wp:attachment":[{"href":"https:\/\/anprotec.org.br\/site\/wp-json\/wp\/v2\/media?parent=33564"}],"wp:term":[{"taxonomy":"category","embeddable":true,"href":"https:\/\/anprotec.org.br\/site\/wp-json\/wp\/v2\/categories?post=33564"},{"taxonomy":"post_tag","embeddable":true,"href":"https:\/\/anprotec.org.br\/site\/wp-json\/wp\/v2\/tags?post=33564"},{"taxonomy":"calendar","embeddable":true,"href":"https:\/\/anprotec.org.br\/site\/wp-json\/wp\/v2\/calendar?post=33564"}],"curies":[{"name":"wp","href":"https:\/\/api.w.org\/{rel}","templated":true}]}}