{"id":33539,"date":"2020-08-14T14:47:47","date_gmt":"2020-08-14T17:47:47","guid":{"rendered":"https:\/\/anprotec.org.br\/site\/?p=33539"},"modified":"2025-02-26T15:02:43","modified_gmt":"2025-02-26T18:02:43","slug":"pti-recebe-propostas-de-empresas-de-tres-estados-com-solucoes-para-reativar-economia","status":"publish","type":"post","link":"https:\/\/anprotec.org.br\/site\/2020\/08\/pti-recebe-propostas-de-empresas-de-tres-estados-com-solucoes-para-reativar-economia\/","title":{"rendered":"PTI recebe propostas de empresas de tr\u00eas estados com solu\u00e7\u00f5es para reativar economia"},"content":{"rendered":"<div>\n<div id=\"attachment_33540\" style=\"width: 316px\" class=\"wp-caption alignleft\"><img aria-describedby=\"caption-attachment-33540\" decoding=\"async\" loading=\"lazy\" class=\" wp-image-33540\" src=\"https:\/\/anprotec.org.br\/site\/wp-content\/uploads\/2020\/08\/PTI-1024x576.jpg\" alt=\"\" width=\"306\" height=\"172\" srcset=\"https:\/\/anprotec.org.br\/site\/wp-content\/uploads\/2020\/08\/PTI-1024x576.jpg 1024w, https:\/\/anprotec.org.br\/site\/wp-content\/uploads\/2020\/08\/PTI-300x169.jpg 300w, https:\/\/anprotec.org.br\/site\/wp-content\/uploads\/2020\/08\/PTI-768x432.jpg 768w, https:\/\/anprotec.org.br\/site\/wp-content\/uploads\/2020\/08\/PTI-1536x864.jpg 1536w, https:\/\/anprotec.org.br\/site\/wp-content\/uploads\/2020\/08\/PTI-scaled.jpg 2048w, https:\/\/anprotec.org.br\/site\/wp-content\/uploads\/2020\/08\/PTI-260x146.jpg 260w, https:\/\/anprotec.org.br\/site\/wp-content\/uploads\/2020\/08\/PTI-50x28.jpg 50w, https:\/\/anprotec.org.br\/site\/wp-content\/uploads\/2020\/08\/PTI-133x75.jpg 133w, https:\/\/anprotec.org.br\/site\/wp-content\/uploads\/2020\/08\/PTI-1200x675.jpg 1200w\" sizes=\"(max-width: 306px) 100vw, 306px\" \/><p id=\"caption-attachment-33540\" class=\"wp-caption-text\">\u00a0DCIM101MEDIADJI_0032.JPG<\/p><\/div>\n<p><em>Empres\u00e1rios v\u00e3o apresentar suas propostas para uma banca de investidores e especialistas nos dias 18 e 19 de agosto; cinco propostas ser\u00e3o selecionadas<\/em><\/div>\n<div><\/div>\n<div>O Parque Tecnol\u00f3gico Itaipu (PTI-BR) recebeu 25 projetos de empresas dos estados do Paran\u00e1, Minas Gerais e Rio de Janeiro com solu\u00e7\u00f5es que t\u00eam como objetivo auxiliar a retomada do crescimento econ\u00f4mico devido aos efeitos da pandemia do novo coronav\u00edrus (Covid-19). Destas, 15 foram selecionadas e v\u00e3o passar por uma banca avaliadora composta por especialistas, nos dias 18 e 19 de agosto. As cinco melhores avaliadas poder\u00e3o receber at\u00e9 R$ 100 mil para colocar suas propostas em pr\u00e1tica.<\/div>\n<div><\/div>\n<div>Entre os projetos selecionados na primeira etapa do edital de Inova\u00e7\u00e3o Corporativa, est\u00e3o plataformas e aplicativos com tecnologias como a de realidade aumentada para impulsionar os atrativos tur\u00edsticos e auxiliar a rede hoteleira, ferramentas para treinamento e qualifica\u00e7\u00e3o virtuais, e solu\u00e7\u00f5es de desinfec\u00e7\u00e3o. Os empreendedores ter\u00e3o 20 minutos para convencer investidores e especialistas a apostarem em suas ideias, durante o Demoday.<\/div>\n<div><\/div>\n<div>A avalia\u00e7\u00e3o dos projetos seguir\u00e1 alguns crit\u00e9rios predeterminados, como grau de inova\u00e7\u00e3o da proposta, escalabilidade do neg\u00f3cio, viabilidade da solu\u00e7\u00e3o, potencial de gera\u00e7\u00e3o de impacto social e maturidade da solu\u00e7\u00e3o. As cinco empresas selecionadas receber\u00e3o mentorias e acompanhamento da equipe da Incubadora do PTI para inser\u00e7\u00e3o de suas solu\u00e7\u00f5es no mercado; inicialmente, de Foz do Igua\u00e7u, com perspectiva de replica\u00e7\u00e3o e ganhos de outros mercados a n\u00edvel nacional e internacional, at\u00e9 dezembro de 2021.<\/div>\n<div><\/div>\n<div>As apresenta\u00e7\u00f5es das empresas \u00e0 banca avaliadora ser\u00e3o realizadas de forma virtual, em plataforma do PTI-BR, em tr\u00eas turnos: no dia 18 de agosto (ter\u00e7a-feira) \u00e0s 14h e 17h, e no dia 19 de agosto (quarta-feira), \u00e0s 17h. O evento n\u00e3o ser\u00e1 aberto ao p\u00fablico geral devido \u00e0 confidencialidade das informa\u00e7\u00f5es dos projetos, mas investidores interessados em conhecer as solu\u00e7\u00f5es das empresas podem solicitar participa\u00e7\u00e3o pelo e-mail\u00a0<a>negocios@pti.org.br<\/a>.<\/div>\n<div><\/div>\n<div>&#8220;O grande diferencial do nosso Parque Tecnol\u00f3gico \u00e9 possuir\u00a0 uma rede de investidores e estar sempre em busca de interessados em apostar nos projetos e ideias dos empreendedores, a fim de potencializar as oportunidades de neg\u00f3cios das startups. Desta forma, contribu\u00edmos para a consolida\u00e7\u00e3o do nosso ecossistema de inova\u00e7\u00e3o e, consequentemente, geramos mais empregos e renda para toda a regi\u00e3o&#8221;, afirma diretor superintendente do PTI, general Eduardo Garrido.<\/div>\n<div><\/div>\n<div><strong>Acelera Foz<\/strong><\/div>\n<div><\/div>\n<div>O edital Inova\u00e7\u00e3o Corporativa integra as a\u00e7\u00f5es do Programa Acelera Foz, lan\u00e7ado em maio de 2020 com o objetivo de potencializar a\u00e7\u00f5es integradas entre diversas institui\u00e7\u00f5es de Foz do Igua\u00e7u e atrair investimentos, visando tornar a cidade reconhecida como polo de inova\u00e7\u00e3o e empreendedorismo.<\/div>\n<div><\/div>\n<div>Al\u00e9m dos projetos voltados para as &#8220;Medidas de combate aos efeitos econ\u00f4micos da COVID-19&#8221; (a lista dos projetos selecionados pode ser conferida pelo link:\u00a0<a title=\"This external link will open in a new window\" href=\"http:\/\/bit.ly\/demodaypti\" target=\"_blank\" rel=\"noopener noreferrer\">http:\/\/bit.ly\/demodaypti<\/a>), o edital tamb\u00e9m contemplou demandas de empresas de m\u00e9dio e grande porte do Paran\u00e1, que receberam propostas de solu\u00e7\u00f5es de startups e micro e pequenas empresas.<\/div>\n<div><\/div>\n<div>Tamb\u00e9m pelo Parque Tecnol\u00f3gico, outras tr\u00eas iniciativas foram destinadas a impulsionar o empreendedorismo e apoiar as empresas, com a inten\u00e7\u00e3o de aumentar a competividade e gerar mais emprego e renda para a regi\u00e3o. At\u00e9 o dia 23 de agosto, quem tem uma ideia engavetada para a cria\u00e7\u00e3o de um novo produto ou servi\u00e7o, ou para a melhoria de produtos e servi\u00e7os j\u00e1 existentes, pode receber o apoio do Parque &#8211; com acesso a toda sua infraestrutura e apoio dos profissionais &#8211; e at\u00e9 R$ 32 mil para tirar a ideia do papel. Ser\u00e3o selecionadas 60 propostas que entrar\u00e3o para a incuba\u00e7\u00e3o no PTI por 12 meses.<\/div>\n<div><\/div>\n<div>Outra a\u00e7\u00e3o \u00e9 o Desafio Inova Oeste, que vai destinar at\u00e9 R$ 58 mil para 20 micro e pequenas empresas e startups para o desenvolvimento de solu\u00e7\u00f5es tecnol\u00f3gicas.\u00a0 J\u00e1 o Programa de Integra\u00e7\u00e3o Universidade &#8211; Empresa une empres\u00e1rios e universit\u00e1rios, por meio da concess\u00e3o de bolsas de R$ 800, a fim de proporcionar o desenvolvimento de solu\u00e7\u00f5es para pequenas empresas e diminuir a evas\u00e3o de universit\u00e1rios na cidade.<\/div>\n<div><\/div>\n<div>Mais informa\u00e7\u00f5es sobre as iniciativas podem ser obtidas pelo site:\u00a0<a title=\"This external link will open in a new window\" href=\"http:\/\/www.pti.org.br\/acelerafoz\" target=\"_blank\" rel=\"noopener noreferrer\">www.pti.org.br\/acelerafoz<\/a><\/div>\n","protected":false},"excerpt":{"rendered":"<p>Empres\u00e1rios v\u00e3o apresentar suas propostas para uma banca de investidores<span class=\"excerpt-hellip\"> [\u2026]<\/span><\/p>\n","protected":false},"author":8,"featured_media":33540,"comment_status":"closed","ping_status":"closed","sticky":false,"template":"","format":"standard","meta":{"footnotes":"","_links_to":"","_links_to_target":""},"categories":[3,383],"tags":[],"calendar":[],"_links":{"self":[{"href":"https:\/\/anprotec.org.br\/site\/wp-json\/wp\/v2\/posts\/33539"}],"collection":[{"href":"https:\/\/anprotec.org.br\/site\/wp-json\/wp\/v2\/posts"}],"about":[{"href":"https:\/\/anprotec.org.br\/site\/wp-json\/wp\/v2\/types\/post"}],"author":[{"embeddable":true,"href":"https:\/\/anprotec.org.br\/site\/wp-json\/wp\/v2\/users\/8"}],"replies":[{"embeddable":true,"href":"https:\/\/anprotec.org.br\/site\/wp-json\/wp\/v2\/comments?post=33539"}],"version-history":[{"count":1,"href":"https:\/\/anprotec.org.br\/site\/wp-json\/wp\/v2\/posts\/33539\/revisions"}],"predecessor-version":[{"id":33541,"href":"https:\/\/anprotec.org.br\/site\/wp-json\/wp\/v2\/posts\/33539\/revisions\/33541"}],"wp:featuredmedia":[{"embeddable":true,"href":"https:\/\/anprotec.org.br\/site\/wp-json\/wp\/v2\/media\/33540"}],"wp:attachment":[{"href":"https:\/\/anprotec.org.br\/site\/wp-json\/wp\/v2\/media?parent=33539"}],"wp:term":[{"taxonomy":"category","embeddable":true,"href":"https:\/\/anprotec.org.br\/site\/wp-json\/wp\/v2\/categories?post=33539"},{"taxonomy":"post_tag","embeddable":true,"href":"https:\/\/anprotec.org.br\/site\/wp-json\/wp\/v2\/tags?post=33539"},{"taxonomy":"calendar","embeddable":true,"href":"https:\/\/anprotec.org.br\/site\/wp-json\/wp\/v2\/calendar?post=33539"}],"curies":[{"name":"wp","href":"https:\/\/api.w.org\/{rel}","templated":true}]}}