{"id":33418,"date":"2020-08-07T17:07:00","date_gmt":"2020-08-07T20:07:00","guid":{"rendered":"https:\/\/anprotec.org.br\/site\/?p=33418"},"modified":"2025-02-26T15:03:53","modified_gmt":"2025-02-26T18:03:53","slug":"anprotec-apoia-pesquisa-da-altec-sobre-acoes-empresariais-diante-da-pandemia-participe","status":"publish","type":"post","link":"https:\/\/anprotec.org.br\/site\/2020\/08\/anprotec-apoia-pesquisa-da-altec-sobre-acoes-empresariais-diante-da-pandemia-participe\/","title":{"rendered":"Anprotec apoia pesquisa da ALTEC sobre a\u00e7\u00f5es empresariais diante da pandemia. Participe!"},"content":{"rendered":"<p>&nbsp;<\/p>\n<p>Com o objetivo de identificar a\u00e7\u00f5es empresariais implementadas para enfrentar a Pandemia COVID-19, est\u00e1 sendo realizada uma pesquisa em empresas e organiza\u00e7\u00f5es que se dedicam a atividades de gest\u00e3o de tecnologia e investem em projetos de pesquisa, desenvolvimento e inova\u00e7\u00e3o (P+D+I), com a finalidade de ser mais competitivas e parceiras das seguintes associa\u00e7\u00f5es, organiza\u00e7\u00f5es e redes:<\/p>\n<ul>\n<li>Associa\u00e7\u00e3o Latino-Iberoamericana de Gest\u00e3o Tecnol\u00f3gica e Inova\u00e7\u00e3o \u2013 ALTEC,<\/li>\n<li>Associa\u00e7\u00e3o Nacional de Empresas Inovadoras \u2013 ANPEI,<\/li>\n<li>Associa\u00e7\u00e3o F\u00f3rum Nacional de Gestores de Inova\u00e7\u00e3o e Transfer\u00eancia de Tecnologia \u2013 FORTEC,<\/li>\n<li>Associa\u00e7\u00e3o Nacional de Entidades Promotoras de Empreendimentos Inovadores \u2013 Anprotec,<\/li>\n<li>Instituto Christiano Becker, e<\/li>\n<li>Funda\u00e7\u00e3o Pr\u00eamio Nacional de Tecnologia e Inova\u00e7\u00e3o do M\u00e9xico.<\/li>\n<\/ul>\n<p>A pesquisa de alcance internacional foi, incialmente, elaborada pela <em>Fundaci\u00f3n Premio Nacional de Tecnolog\u00eda e Innovaci\u00f3n<\/em>, A.C., do M\u00e9xico e adaptada ao ambiente de cada pa\u00eds, por associa\u00e7\u00f5es representativas do empresariado inovador na Argentina, Brasil, Costa Rica, Chile, M\u00e9xico e Per\u00fa.<\/p>\n<p>Liderada pela ALTEC &#8211; Associa\u00e7\u00e3o Latino-Iberoamericana de Gest\u00e3o Tecnol\u00f3gica e Inova\u00e7\u00e3o, o produto da pesquisa ser\u00e1 um documento anal\u00edtico que integre os resultados por setor e por tamanho de empresa, o qual servir\u00e1 de orienta\u00e7\u00e3o e exemplo a outras empresas do pa\u00eds.\u00a0 Ser\u00e1, ainda, elaborado um documento de an\u00e1lise comparativa dos resultados das empresas dos pa\u00edses mencionados.<\/p>\n<p>Os participantes da pesquisa interessados receber\u00e3o, por correio eletr\u00f4nico, c\u00f3pia dos produtos.<\/p>\n<p><strong>Nota:<\/strong> Toda e qualquer informa\u00e7\u00e3o ser\u00e1 divulgada no n\u00edvel agregado, sem fazer alus\u00e3o a empresa em particular, protegendo assim a confidencialidade dos dados dos participantes.<\/p>\n<p>Com este objetivo, o convidamos a responder o seguinte question\u00e1rio, que consumir\u00e1 aproximadamente 15 minutos. <a href=\"https:\/\/forms.gle\/JEb5QeiKRUTzLWxA9\" target=\"_blank\" rel=\"noopener noreferrer\">https:\/\/forms.gle\/JEb5QeiKRUTzLWxA9<\/a><\/p>\n<p>Caso voc\u00ea j\u00e1 tenha sido demandado por outra associa\u00e7\u00e3o patrocinadora da pesquisa, desconsidere e responda apenas uma vez ao question\u00e1rio.<\/p>\n<p>Agradecemos a sua importante colabora\u00e7\u00e3o.<\/p>\n<p>Para qualquer pergunta, n\u00e3o hesite em contatar: <a href=\"mailto:betyritter1953@gmail.com\">betyritter1953@gmail.com<\/a><\/p>\n<p><a href=\"https:\/\/forms.gle\/JEb5QeiKRUTzLWxA9\" target=\"_blank\" rel=\"noopener noreferrer\"><img decoding=\"async\" loading=\"lazy\" class=\"wp-image-33419 size-full aligncenter\" src=\"https:\/\/anprotec.org.br\/site\/wp-content\/uploads\/2020\/08\/Sem-t\u00edtulo-6.png\" alt=\"\" width=\"590\" height=\"255\" srcset=\"https:\/\/anprotec.org.br\/site\/wp-content\/uploads\/2020\/08\/Sem-t\u00edtulo-6.png 590w, https:\/\/anprotec.org.br\/site\/wp-content\/uploads\/2020\/08\/Sem-t\u00edtulo-6-300x130.png 300w, https:\/\/anprotec.org.br\/site\/wp-content\/uploads\/2020\/08\/Sem-t\u00edtulo-6-260x112.png 260w, https:\/\/anprotec.org.br\/site\/wp-content\/uploads\/2020\/08\/Sem-t\u00edtulo-6-50x22.png 50w, https:\/\/anprotec.org.br\/site\/wp-content\/uploads\/2020\/08\/Sem-t\u00edtulo-6-150x65.png 150w\" sizes=\"(max-width: 590px) 100vw, 590px\" \/><\/a><\/p>\n","protected":false},"excerpt":{"rendered":"<p>&nbsp; Com o objetivo de identificar a\u00e7\u00f5es empresariais implementadas para<span class=\"excerpt-hellip\"> [\u2026]<\/span><\/p>\n","protected":false},"author":8,"featured_media":33420,"comment_status":"closed","ping_status":"closed","sticky":false,"template":"","format":"standard","meta":{"footnotes":"","_links_to":"","_links_to_target":""},"categories":[416,3,383],"tags":[],"calendar":[],"_links":{"self":[{"href":"https:\/\/anprotec.org.br\/site\/wp-json\/wp\/v2\/posts\/33418"}],"collection":[{"href":"https:\/\/anprotec.org.br\/site\/wp-json\/wp\/v2\/posts"}],"about":[{"href":"https:\/\/anprotec.org.br\/site\/wp-json\/wp\/v2\/types\/post"}],"author":[{"embeddable":true,"href":"https:\/\/anprotec.org.br\/site\/wp-json\/wp\/v2\/users\/8"}],"replies":[{"embeddable":true,"href":"https:\/\/anprotec.org.br\/site\/wp-json\/wp\/v2\/comments?post=33418"}],"version-history":[{"count":2,"href":"https:\/\/anprotec.org.br\/site\/wp-json\/wp\/v2\/posts\/33418\/revisions"}],"predecessor-version":[{"id":33422,"href":"https:\/\/anprotec.org.br\/site\/wp-json\/wp\/v2\/posts\/33418\/revisions\/33422"}],"wp:featuredmedia":[{"embeddable":true,"href":"https:\/\/anprotec.org.br\/site\/wp-json\/wp\/v2\/media\/33420"}],"wp:attachment":[{"href":"https:\/\/anprotec.org.br\/site\/wp-json\/wp\/v2\/media?parent=33418"}],"wp:term":[{"taxonomy":"category","embeddable":true,"href":"https:\/\/anprotec.org.br\/site\/wp-json\/wp\/v2\/categories?post=33418"},{"taxonomy":"post_tag","embeddable":true,"href":"https:\/\/anprotec.org.br\/site\/wp-json\/wp\/v2\/tags?post=33418"},{"taxonomy":"calendar","embeddable":true,"href":"https:\/\/anprotec.org.br\/site\/wp-json\/wp\/v2\/calendar?post=33418"}],"curies":[{"name":"wp","href":"https:\/\/api.w.org\/{rel}","templated":true}]}}