{"id":33310,"date":"2020-08-03T10:32:06","date_gmt":"2020-08-03T13:32:06","guid":{"rendered":"https:\/\/anprotec.org.br\/site\/?p=33310"},"modified":"2025-02-26T15:12:05","modified_gmt":"2025-02-26T18:12:05","slug":"pre-aceleracao-da-wow-promove-jornada-de-conteudo-de-03-a-28-de-agosto","status":"publish","type":"post","link":"https:\/\/anprotec.org.br\/site\/2020\/08\/pre-aceleracao-da-wow-promove-jornada-de-conteudo-de-03-a-28-de-agosto\/","title":{"rendered":"Pr\u00e9-Acelera\u00e7\u00e3o da WOW promove Jornada de Conte\u00fado de 03 a 28 de agosto"},"content":{"rendered":"<p>Pela primeira vez a Pr\u00e9-Acelera\u00e7\u00e3o da WOW ter\u00e1 trilhas de conte\u00fado divididas por modelo de neg\u00f3cio: <strong>SaaS e Marketplace.<\/strong><\/p>\n<p>A Jornada de Conte\u00fado acontece de 03 a 28 de agosto, ao vivo e forma gratuita.<\/p>\n<p>Saiba mais e participe: <a href=\"https:\/\/www.wow.ac\/pt\/\" target=\"_blank\" rel=\"noopener noreferrer\">https:\/\/www.wow.ac\/pt\/<\/a><\/p>\n<p>&nbsp;<\/p>\n<p><a href=\"https:\/\/www.wow.ac\/pt\/\" target=\"_blank\" rel=\"noopener noreferrer\"><img decoding=\"async\" loading=\"lazy\" class=\"size-large wp-image-33311 aligncenter\" src=\"https:\/\/anprotec.org.br\/site\/wp-content\/uploads\/2020\/08\/LinkedIn-1024x535.jpg\" alt=\"\" width=\"1024\" height=\"535\" srcset=\"https:\/\/anprotec.org.br\/site\/wp-content\/uploads\/2020\/08\/LinkedIn-1024x535.jpg 1024w, https:\/\/anprotec.org.br\/site\/wp-content\/uploads\/2020\/08\/LinkedIn-300x157.jpg 300w, https:\/\/anprotec.org.br\/site\/wp-content\/uploads\/2020\/08\/LinkedIn-768x401.jpg 768w, https:\/\/anprotec.org.br\/site\/wp-content\/uploads\/2020\/08\/LinkedIn-1536x803.jpg 1536w, https:\/\/anprotec.org.br\/site\/wp-content\/uploads\/2020\/08\/LinkedIn-scaled.jpg 2048w, https:\/\/anprotec.org.br\/site\/wp-content\/uploads\/2020\/08\/LinkedIn-260x136.jpg 260w, https:\/\/anprotec.org.br\/site\/wp-content\/uploads\/2020\/08\/LinkedIn-50x26.jpg 50w, https:\/\/anprotec.org.br\/site\/wp-content\/uploads\/2020\/08\/LinkedIn-144x75.jpg 144w\" sizes=\"(max-width: 1024px) 100vw, 1024px\" \/><\/a><\/p>\n","protected":false},"excerpt":{"rendered":"<p>Pela primeira vez a Pr\u00e9-Acelera\u00e7\u00e3o da WOW ter\u00e1 trilhas de<span class=\"excerpt-hellip\"> [\u2026]<\/span><\/p>\n","protected":false},"author":8,"featured_media":33312,"comment_status":"closed","ping_status":"closed","sticky":false,"template":"","format":"standard","meta":{"footnotes":"","_links_to":"","_links_to_target":""},"categories":[3,383],"tags":[],"calendar":[],"_links":{"self":[{"href":"https:\/\/anprotec.org.br\/site\/wp-json\/wp\/v2\/posts\/33310"}],"collection":[{"href":"https:\/\/anprotec.org.br\/site\/wp-json\/wp\/v2\/posts"}],"about":[{"href":"https:\/\/anprotec.org.br\/site\/wp-json\/wp\/v2\/types\/post"}],"author":[{"embeddable":true,"href":"https:\/\/anprotec.org.br\/site\/wp-json\/wp\/v2\/users\/8"}],"replies":[{"embeddable":true,"href":"https:\/\/anprotec.org.br\/site\/wp-json\/wp\/v2\/comments?post=33310"}],"version-history":[{"count":1,"href":"https:\/\/anprotec.org.br\/site\/wp-json\/wp\/v2\/posts\/33310\/revisions"}],"predecessor-version":[{"id":33313,"href":"https:\/\/anprotec.org.br\/site\/wp-json\/wp\/v2\/posts\/33310\/revisions\/33313"}],"wp:featuredmedia":[{"embeddable":true,"href":"https:\/\/anprotec.org.br\/site\/wp-json\/wp\/v2\/media\/33312"}],"wp:attachment":[{"href":"https:\/\/anprotec.org.br\/site\/wp-json\/wp\/v2\/media?parent=33310"}],"wp:term":[{"taxonomy":"category","embeddable":true,"href":"https:\/\/anprotec.org.br\/site\/wp-json\/wp\/v2\/categories?post=33310"},{"taxonomy":"post_tag","embeddable":true,"href":"https:\/\/anprotec.org.br\/site\/wp-json\/wp\/v2\/tags?post=33310"},{"taxonomy":"calendar","embeddable":true,"href":"https:\/\/anprotec.org.br\/site\/wp-json\/wp\/v2\/calendar?post=33310"}],"curies":[{"name":"wp","href":"https:\/\/api.w.org\/{rel}","templated":true}]}}