{"id":32746,"date":"2020-06-26T17:24:04","date_gmt":"2020-06-26T20:24:04","guid":{"rendered":"https:\/\/anprotec.org.br\/site\/?p=32746"},"modified":"2025-02-28T15:46:55","modified_gmt":"2025-02-28T18:46:55","slug":"proximo-webinar-do-anprotalks-traz-presidente-do-conselho-consultivo-da-iasp","status":"publish","type":"post","link":"https:\/\/anprotec.org.br\/site\/2020\/06\/proximo-webinar-do-anprotalks-traz-presidente-do-conselho-consultivo-da-iasp\/","title":{"rendered":"Pr\u00f3ximo webinar do AnproTalks traz presidente do conselho consultivo da IASP"},"content":{"rendered":"<p>O pr\u00f3ximo webinar da s\u00e9rie AnproTalks acontece na sexta-feira,<strong>\u00a003 de julho, \u00e0s 11h<\/strong>, e traz um debate com\u00a0<strong>Luis<\/strong>\u00a0<strong>Sanz<\/strong>, presidente do conselho consultivo da Associa\u00e7\u00e3o Internacional de Parques Cient\u00edficos e Tecnol\u00f3gicos e \u00c0reas de Inova\u00e7\u00e3o (<strong>IASP<\/strong>).<\/p>\n<p>Com uma hora de dura\u00e7\u00e3o e em espanhol, a live contar\u00e1 com a modera\u00e7\u00e3o do superintendente de inova\u00e7\u00e3o e desenvolvimento da PUC-RS,\u00a0<strong>Jorge<\/strong>\u00a0<strong>Audy<\/strong>, que tamb\u00e9m \u00e9 ex-presidente da Anprotec e da IASP Latino Am\u00e9rica.<\/p>\n<p>O tema central do debate \u00e9 o &#8220;<strong>Futuro e Tend\u00eancias para os Ambientes de Inova\u00e7\u00e3o<\/strong>&#8220;.<\/p>\n<p>Membro do Conselho Internacional de Administra\u00e7\u00e3o da IASP desde 1996, Luis Sanz tamb\u00e9m \u00e9 conselheiro do Tallinn Tehnopol desde 2010 e Membro do \u201cComit\u00ea de Experts\u201d do Haidian Science Park (China) desde 2010.<\/p>\n<p>Al\u00e9m de ocupar o cargo de\u00a0<strong>diretor geral-CEO da IASP de 1996 a 2019<\/strong>, Sanz acumula outros importantes postos em sua carreira, como:<\/p>\n<p>&#8211; Coordenador Chefe da Alian\u00e7a Mundial pela Inova\u00e7\u00e3o (WAINOVA), 2005-2019;<\/p>\n<p>&#8211; Assessor Especial da Organiza\u00e7\u00e3o Mundial de Zonas Francas, 2014-2016;<\/p>\n<p>&#8211; Presidente da LU2 Ventures Hong Kong Ltd., 2006-2012;<\/p>\n<p>&#8211; Assessor Internacional da Madrid Networks, 2009-2012;<\/p>\n<p>&#8211; Presidente do Conselho Consultivo da IASP, 1999-2009;<\/p>\n<p>&#8211; Membro do Comit\u00ea de Avalia\u00e7\u00e3o para \u00e1rea de parques cient\u00edficos (It\u00e1lia), 2001-2007;<\/p>\n<p>Presidente da Perfil Trh, S.L., 1996-2007<\/p>\n<p>Assessor Econ\u00f4mico da Zona de Desenvolvimento de Alta Tecnologia de Jinan (China), 2002-2006;<\/p>\n<p>&#8211; Consultor de edi\u00e7\u00e3o para \u201cChina High Technology Enterprises\u201d, 2002-2006;<\/p>\n<p>&#8211; Vice-Presidente de Marketing do Parque Tecnol\u00f3gico de Val\u00eancia, 1987-1996;<\/p>\n<p>&#8211; Presidente da divis\u00e3o europeia da IASP, 1992-1996;<\/p>\n<p>&#8211; Vice-Presidente Internacional da IASP, 1995-1996;<\/p>\n<p>Vice-Presidente da Associa\u00e7\u00e3o Espanhola de Parques Tecnol\u00f3gicos, 1990-1994.<\/p>\n<p><strong><a href=\"https:\/\/informativo.anprotec.org.br\/webinar07\" target=\"_blank\" rel=\"noopener\">CLIQUE AQUI<\/a><\/strong>, saiba mais e inscreva-se para participar do webinar.<\/p>\n<p><strong>Aproveite essa oportunidade e toda a experi\u00eancia de Luis Sans e participe do debate!\u00a0<\/strong><\/p>\n<p><a href=\"https:\/\/informativo.anprotec.org.br\/webinar07\" target=\"_blank\" rel=\"noopener\"><img decoding=\"async\" loading=\"lazy\" class=\"aligncenter size-large wp-image-32747\" src=\"https:\/\/anprotec.org.br\/site\/wp-content\/uploads\/2020\/06\/WhatsApp-Image-2020-06-26-at-14.22.45-1024x1024.jpeg\" alt=\"\" width=\"1024\" height=\"1024\" srcset=\"https:\/\/anprotec.org.br\/site\/wp-content\/uploads\/2020\/06\/WhatsApp-Image-2020-06-26-at-14.22.45-1024x1024.jpeg 1024w, https:\/\/anprotec.org.br\/site\/wp-content\/uploads\/2020\/06\/WhatsApp-Image-2020-06-26-at-14.22.45-300x300.jpeg 300w, https:\/\/anprotec.org.br\/site\/wp-content\/uploads\/2020\/06\/WhatsApp-Image-2020-06-26-at-14.22.45-768x768.jpeg 768w, https:\/\/anprotec.org.br\/site\/wp-content\/uploads\/2020\/06\/WhatsApp-Image-2020-06-26-at-14.22.45-146x146.jpeg 146w, https:\/\/anprotec.org.br\/site\/wp-content\/uploads\/2020\/06\/WhatsApp-Image-2020-06-26-at-14.22.45-50x50.jpeg 50w, https:\/\/anprotec.org.br\/site\/wp-content\/uploads\/2020\/06\/WhatsApp-Image-2020-06-26-at-14.22.45-75x75.jpeg 75w, https:\/\/anprotec.org.br\/site\/wp-content\/uploads\/2020\/06\/WhatsApp-Image-2020-06-26-at-14.22.45-85x85.jpeg 85w, https:\/\/anprotec.org.br\/site\/wp-content\/uploads\/2020\/06\/WhatsApp-Image-2020-06-26-at-14.22.45-80x80.jpeg 80w, https:\/\/anprotec.org.br\/site\/wp-content\/uploads\/2020\/06\/WhatsApp-Image-2020-06-26-at-14.22.45.jpeg 1280w\" sizes=\"(max-width: 1024px) 100vw, 1024px\" \/><\/a><\/p>\n<p>&nbsp;<\/p>\n","protected":false},"excerpt":{"rendered":"<p>O pr\u00f3ximo webinar da s\u00e9rie AnproTalks acontece na sexta-feira,\u00a003 de<span class=\"excerpt-hellip\"> [\u2026]<\/span><\/p>\n","protected":false},"author":8,"featured_media":32569,"comment_status":"closed","ping_status":"closed","sticky":false,"template":"","format":"standard","meta":{"footnotes":"","_links_to":"","_links_to_target":""},"categories":[391,3,383],"tags":[],"calendar":[],"_links":{"self":[{"href":"https:\/\/anprotec.org.br\/site\/wp-json\/wp\/v2\/posts\/32746"}],"collection":[{"href":"https:\/\/anprotec.org.br\/site\/wp-json\/wp\/v2\/posts"}],"about":[{"href":"https:\/\/anprotec.org.br\/site\/wp-json\/wp\/v2\/types\/post"}],"author":[{"embeddable":true,"href":"https:\/\/anprotec.org.br\/site\/wp-json\/wp\/v2\/users\/8"}],"replies":[{"embeddable":true,"href":"https:\/\/anprotec.org.br\/site\/wp-json\/wp\/v2\/comments?post=32746"}],"version-history":[{"count":2,"href":"https:\/\/anprotec.org.br\/site\/wp-json\/wp\/v2\/posts\/32746\/revisions"}],"predecessor-version":[{"id":32752,"href":"https:\/\/anprotec.org.br\/site\/wp-json\/wp\/v2\/posts\/32746\/revisions\/32752"}],"wp:featuredmedia":[{"embeddable":true,"href":"https:\/\/anprotec.org.br\/site\/wp-json\/wp\/v2\/media\/32569"}],"wp:attachment":[{"href":"https:\/\/anprotec.org.br\/site\/wp-json\/wp\/v2\/media?parent=32746"}],"wp:term":[{"taxonomy":"category","embeddable":true,"href":"https:\/\/anprotec.org.br\/site\/wp-json\/wp\/v2\/categories?post=32746"},{"taxonomy":"post_tag","embeddable":true,"href":"https:\/\/anprotec.org.br\/site\/wp-json\/wp\/v2\/tags?post=32746"},{"taxonomy":"calendar","embeddable":true,"href":"https:\/\/anprotec.org.br\/site\/wp-json\/wp\/v2\/calendar?post=32746"}],"curies":[{"name":"wp","href":"https:\/\/api.w.org\/{rel}","templated":true}]}}