{"id":32630,"date":"2020-06-17T14:22:03","date_gmt":"2020-06-17T17:22:03","guid":{"rendered":"https:\/\/anprotec.org.br\/site\/?p=32630"},"modified":"2025-02-28T15:48:01","modified_gmt":"2025-02-28T18:48:01","slug":"edital-da-finep-mcti-destina-r-50-milhoes-em-subvencao-economica-para-tecnologias-4-0","status":"publish","type":"post","link":"https:\/\/anprotec.org.br\/site\/2020\/06\/edital-da-finep-mcti-destina-r-50-milhoes-em-subvencao-economica-para-tecnologias-4-0\/","title":{"rendered":"Edital da Finep\/MCTI destina R$ 50 milh\u00f5es em subven\u00e7\u00e3o econ\u00f4mica para tecnologias 4.0"},"content":{"rendered":"<p>&nbsp;<\/p>\n<p>A Finep, Financiadora de Inova\u00e7\u00e3o e Pesquisa do Minist\u00e9rio da Ci\u00eancia, Tecnologia e Inova\u00e7\u00f5es (MCTI), lan\u00e7a amanh\u00e3, 18 de junho \u00e0s 10h, edital de subven\u00e7\u00e3o econ\u00f4mica, no valor de R$ 50 milh\u00f5es, para apoio \u00e0 projetos de inova\u00e7\u00e3o envolvendo tecnologias 4.0. O an\u00fancio acontece \u00e0s 10h desta quinta-feira, ao vivo, pelo canal do MCTI no Youtube e contar\u00e1 com a participa\u00e7\u00e3o do ministro Astronauta Marcos Pontes e do presidente da Finep\/MCTI, General Waldemar Barroso. Os novos recursos ser\u00e3o destinados \u00e0 empresas brasileiras de pequeno, m\u00e9dio e grande portes que tenham interesse em desenvolver produtos, processos e servi\u00e7os inovadores em quatro \u00e1reas tem\u00e1ticas: Agro 4.0 (agricultura, pecu\u00e1ria de precis\u00e3o e sistemas transversais \u00e0 agricultura e pecu\u00e1ria), Cidades Inteligentes (log\u00edstica urbana, seguran\u00e7a p\u00fablica, saneamento ambiental, e monitoramento e desastres naturais); Ind\u00fastria 4.0 (processos 4.0, virtualiza\u00e7\u00e3o de ambientes, e m\u00e1quinas e equipamentos 4.0); e Sa\u00fade 4.0 (sistemas de predi\u00e7\u00e3o, monitoramento remoto, telemedicina, gest\u00e3o hospitalar, e preven\u00e7\u00e3o e controle de epidemias).<\/p>\n<p>As propostas dever\u00e3o contemplar ao menos uma tecnologia habilitadora, tais como 5G, Internet das Coisas (IoT), Intelig\u00eancia Artificial, Rob\u00f3tica Avan\u00e7ada, Computa\u00e7\u00e3o em Nuvem, Realidade Aumentada ou Manufatura Aditiva.<\/p>\n<p>\u201cEsse edital tem por objetivo financiar, via subven\u00e7\u00e3o econ\u00f4mica, projetos de inova\u00e7\u00e3o em tecnologias 4.0 nos temas transversais da ind\u00fastria brasileira e integra as pol\u00edticas p\u00fablicas do governo federal de fomento \u00e0 manufatura avan\u00e7ada e \u00e0 internet das coisas\u201d, afirma o diretor de Inova\u00e7\u00e3o da Finep\/MCTI, Alberto Dantas.<\/p>\n<p>Ainda segundo executivo, as tecnologias apoi\u00e1veis nesta chamada p\u00fablica s\u00e3o importantes para a retomada e para o futuro da economia nacional. \u201cA crescente digitaliza\u00e7\u00e3o e o uso de tecnologias, como Internet das Coisas (IoT), intelig\u00eancia artificial, big data e rob\u00f3tica avan\u00e7ada, t\u00eam elevado potencial de aumento de produtividade, de impulsionar inova\u00e7\u00f5es em modelos de neg\u00f3cios e de alterar a competitividade relativa dos pa\u00edses\u201d, ressaltou Dantas.<\/p>\n<p>Ser\u00e3o apoiados projetos que apresentem n\u00edveis de maturidade tecnol\u00f3gica de 3 a 7, os chamados TRLs (Technology Readiness Levels). Ser\u00e3o aplicados R$ 15 milh\u00f5es nos temas Agro 4.0, Ind\u00fastria 4.0 e Sa\u00fade 4.0, e R$ 5 milh\u00f5es nos temas relativos a Cidades Inteligentes. Ser\u00e1 obrigat\u00f3ria a apresenta\u00e7\u00e3o de uma contrapartida financeira, que poder\u00e1 variar entre 5% e 100% do valor a ser subvencionado, dependendo do porte da empresa.<\/p>\n<p>Poder\u00e3o se candidatar empresas brasileiras com Receita Operacional Bruta (ROB) superior a R$ 360 mil. O valor m\u00ednimo da subven\u00e7\u00e3o, por projeto, \u00e9 de R$ 500 mil e, o m\u00e1ximo, R$ 5 milh\u00f5es. As Institui\u00e7\u00f5es Cient\u00edficas e Tecnol\u00f3gicas (ICTs) poder\u00e3o participar do projeto como prestadoras de servi\u00e7os.<\/p>\n<p>As propostas de submiss\u00e3o de projetos de inova\u00e7\u00e3o referentes \u00e0s tecnologias 4.0 devem estar acompanhadas de um Plano de Neg\u00f3cios contemplando o planejamento em todas as suas fases, considerando a sua estrat\u00e9gia, descri\u00e7\u00e3o, planejamento e execu\u00e7\u00e3o dos investimentos produtivos, desde as etapas de pesquisa e desenvolvimento, at\u00e9 a inser\u00e7\u00e3o no mercado e comercializa\u00e7\u00e3o de produtos.<\/p>\n<p><strong>Essas propostas dever\u00e3o ser encaminhadas \u00e0 Finep\/MCTI por <a href=\"http:\/\/www.finep.gov.br\/chamadas-publicas\/chamadapublica\/643\" target=\"_blank\" rel=\"noopener noreferrer\">esse link<\/a> at\u00e9 o dia 30 de julho<\/strong> quando se encerra a chamada do edital. Para isso, \u00e9 necess\u00e1rio preencher o Formul\u00e1rio de Apresenta\u00e7\u00e3o de Proposta (FAP), dispon\u00edvel no s\u00edtio da Finep. O resultado preliminar est\u00e1 previsto para meados de outubro desse ano, ao passo que o resultado final, considerando a an\u00e1lise de recursos, a partir de novembro pr\u00f3ximo.<\/p>\n<p><strong>Servi\u00e7o:<\/strong><\/p>\n<p><strong>Lan\u00e7amento do edital MCTI\/Finep Tecnologias 4.0<\/strong><\/p>\n<p><strong>18 de junho (quinta-feira), \u00e0s 10h<\/strong><\/p>\n<p><strong>ao vivo pelo youtube.com\/MCTI<\/strong><\/p>\n<p><img decoding=\"async\" loading=\"lazy\" class=\"wp-image-32632 size-large aligncenter\" src=\"https:\/\/anprotec.org.br\/site\/wp-content\/uploads\/2020\/06\/104445628_3393914730620648_3883242578020389137_o-836x1024.jpg\" alt=\"\" width=\"836\" height=\"1024\" srcset=\"https:\/\/anprotec.org.br\/site\/wp-content\/uploads\/2020\/06\/104445628_3393914730620648_3883242578020389137_o-836x1024.jpg 836w, https:\/\/anprotec.org.br\/site\/wp-content\/uploads\/2020\/06\/104445628_3393914730620648_3883242578020389137_o-245x300.jpg 245w, https:\/\/anprotec.org.br\/site\/wp-content\/uploads\/2020\/06\/104445628_3393914730620648_3883242578020389137_o-768x940.jpg 768w, https:\/\/anprotec.org.br\/site\/wp-content\/uploads\/2020\/06\/104445628_3393914730620648_3883242578020389137_o-119x146.jpg 119w, https:\/\/anprotec.org.br\/site\/wp-content\/uploads\/2020\/06\/104445628_3393914730620648_3883242578020389137_o-41x50.jpg 41w, https:\/\/anprotec.org.br\/site\/wp-content\/uploads\/2020\/06\/104445628_3393914730620648_3883242578020389137_o-61x75.jpg 61w, https:\/\/anprotec.org.br\/site\/wp-content\/uploads\/2020\/06\/104445628_3393914730620648_3883242578020389137_o.jpg 980w\" sizes=\"(max-width: 836px) 100vw, 836px\" \/><\/p>\n","protected":false},"excerpt":{"rendered":"<p>&nbsp; A Finep, Financiadora de Inova\u00e7\u00e3o e Pesquisa do Minist\u00e9rio<span class=\"excerpt-hellip\"> [\u2026]<\/span><\/p>\n","protected":false},"author":8,"featured_media":32635,"comment_status":"closed","ping_status":"closed","sticky":false,"template":"","format":"standard","meta":{"footnotes":"","_links_to":"","_links_to_target":""},"categories":[3,383,414],"tags":[],"calendar":[],"_links":{"self":[{"href":"https:\/\/anprotec.org.br\/site\/wp-json\/wp\/v2\/posts\/32630"}],"collection":[{"href":"https:\/\/anprotec.org.br\/site\/wp-json\/wp\/v2\/posts"}],"about":[{"href":"https:\/\/anprotec.org.br\/site\/wp-json\/wp\/v2\/types\/post"}],"author":[{"embeddable":true,"href":"https:\/\/anprotec.org.br\/site\/wp-json\/wp\/v2\/users\/8"}],"replies":[{"embeddable":true,"href":"https:\/\/anprotec.org.br\/site\/wp-json\/wp\/v2\/comments?post=32630"}],"version-history":[{"count":2,"href":"https:\/\/anprotec.org.br\/site\/wp-json\/wp\/v2\/posts\/32630\/revisions"}],"predecessor-version":[{"id":32888,"href":"https:\/\/anprotec.org.br\/site\/wp-json\/wp\/v2\/posts\/32630\/revisions\/32888"}],"wp:featuredmedia":[{"embeddable":true,"href":"https:\/\/anprotec.org.br\/site\/wp-json\/wp\/v2\/media\/32635"}],"wp:attachment":[{"href":"https:\/\/anprotec.org.br\/site\/wp-json\/wp\/v2\/media?parent=32630"}],"wp:term":[{"taxonomy":"category","embeddable":true,"href":"https:\/\/anprotec.org.br\/site\/wp-json\/wp\/v2\/categories?post=32630"},{"taxonomy":"post_tag","embeddable":true,"href":"https:\/\/anprotec.org.br\/site\/wp-json\/wp\/v2\/tags?post=32630"},{"taxonomy":"calendar","embeddable":true,"href":"https:\/\/anprotec.org.br\/site\/wp-json\/wp\/v2\/calendar?post=32630"}],"curies":[{"name":"wp","href":"https:\/\/api.w.org\/{rel}","templated":true}]}}