{"id":32604,"date":"2020-06-16T11:45:24","date_gmt":"2020-06-16T14:45:24","guid":{"rendered":"https:\/\/anprotec.org.br\/site\/?p=32604"},"modified":"2025-02-28T15:48:45","modified_gmt":"2025-02-28T18:48:45","slug":"sebrae-pr-lanca-edital-de-apoio-tecnico-e-financeiro-as-incubadoras-de-empresas-para-implementacao-e-certificacao-cerne","status":"publish","type":"post","link":"https:\/\/anprotec.org.br\/site\/2020\/06\/sebrae-pr-lanca-edital-de-apoio-tecnico-e-financeiro-as-incubadoras-de-empresas-para-implementacao-e-certificacao-cerne\/","title":{"rendered":"Sebrae-PR lan\u00e7a edital de apoio t\u00e9cnico e financeiro \u00e0s incubadoras de empresas para implementa\u00e7\u00e3o e certifica\u00e7\u00e3o Cerne"},"content":{"rendered":"<p>&nbsp;<\/p>\n<p>O Sebrae-PR torna p\u00fablico edital de Chamada P\u00fablica para selecionar projetos para apoio t\u00e9cnico e financeiro \u00e0s incubadoras de empresas em opera\u00e7\u00e3o certificadas ou em forma\u00e7\u00e3o, mantidas por entidades p\u00fablicas e privadas, de interesse das micro e pequenas empresas.<\/p>\n<p>O objetivo da sele\u00e7\u00e3o \u00e9 apoiar projetos para:<\/p>\n<ul>\n<li>Implementa\u00e7\u00e3o do modelo <a href=\"https:\/\/anprotec.org.br\/cerne\/\" target=\"_blank\" rel=\"noopener\">Cerne<\/a> &#8211; Centro de Refer\u00eancia para Apoio a Novos Empreendimentos em incubadoras de empresas;<\/li>\n<li>Obten\u00e7\u00e3o da certifica\u00e7\u00e3o dos n\u00edveis de maturidade 1, 2 e 3 do modelo Cerne;<\/li>\n<li>Implementa\u00e7\u00e3o dos indicadores de resultado para medi\u00e7\u00e3o de performance do modelo Cerne de gest\u00e3o das incubadoras;<\/li>\n<li>Implementa\u00e7\u00e3o dos indicadores de resultado para medi\u00e7\u00e3o de performance dos empreendimentos incubados;<\/li>\n<li>Implementa\u00e7\u00e3o dos indicadores de resultado para medi\u00e7\u00e3o dos n\u00edveis de satisfa\u00e7\u00e3o dos empreendedores incubados.<\/li>\n<\/ul>\n<p>O prazo de execu\u00e7\u00e3o do projeto para implanta\u00e7\u00e3o e novas certifica\u00e7\u00f5es Cerne 1, 2 ou 3 \u00e9 de 24 meses.<\/p>\n<p><strong>Apoio financeiro<\/strong><\/p>\n<p>O edital destinar\u00e1 um total de at\u00e9 R$ 1.800.000,00, distribu\u00eddos da seguinte forma:<\/p>\n<p>Modalidade 1: R$ 240.000,00<br \/>\nAt\u00e9 o m\u00e1ximo de R$ 80.000,00 por projeto para a implanta\u00e7\u00e3o e certifica\u00e7\u00e3o do Cerne 1 no per\u00edodo de 2020 a 2022.<\/p>\n<p>Modalidade 2: R$ 1.200.000,00<br \/>\nAt\u00e9 o m\u00e1ximo de R$ 100.000,00 por projeto para a implanta\u00e7\u00e3o e certifica\u00e7\u00e3o do Cerne 2 no per\u00edodo de 2020 a 2022.<\/p>\n<p>Modalidade 3: R$ 360.000,00<br \/>\nAt\u00e9 o m\u00e1ximo de R$ 120.000,00 por projeto para a implanta\u00e7\u00e3o e certifica\u00e7\u00e3o do Cerne 3 no per\u00edodo de 2020 a 2022.<\/p>\n<p><strong>Requisitos<\/strong><\/p>\n<p>Poder\u00e3o ser selecionados os projetos apresentados por entidades que atendam aos seguintes requisitos:<\/p>\n<p>Modalidade 1:<\/p>\n<ul>\n<li>Estar em opera\u00e7\u00e3o h\u00e1, no m\u00ednimo, dois anos;<\/li>\n<li>Possuir, pelo menos, duas empresas incubadas;<\/li>\n<li>Ter gerente de incubadora em regime de dedica\u00e7\u00e3o, no m\u00ednimo, em tempo semi-integral;<\/li>\n<li>Apresentar contrapartida 25% financeira e 25% econ\u00f4mica no per\u00edodo de quatro anos.<\/li>\n<\/ul>\n<p>Modalidade 2:<\/p>\n<ul>\n<li>Estar em opera\u00e7\u00e3o h\u00e1, no m\u00ednimo, cinco anos;<\/li>\n<li>Possuir, pelo menos, cinco empresas incubadas;<\/li>\n<li>Possuir, pelo menos, duas empresas graduadas;<\/li>\n<li>Ter gerente de incubadora em regime de dedica\u00e7\u00e3o, no m\u00ednimo, em tempo semi-integral;<\/li>\n<li>Apresentar contrapartida 25% financeira e 25% econ\u00f4mica no per\u00edodo de quatro anos.<\/li>\n<\/ul>\n<p>Modalidade 3:<\/p>\n<ul>\n<li>Estar em opera\u00e7\u00e3o h\u00e1, no m\u00ednimo, cinco anos;<\/li>\n<li>Possuir, pelo menos, cinco empresas incubadas;<\/li>\n<li>Possuir, pelo menos, quatro empresas graduadas;<\/li>\n<li>\u00a0Ter gerente de incubadora em regime de dedica\u00e7\u00e3o, no m\u00ednimo, em tempo semi-integral;<\/li>\n<li>Apresentar contrapartida 25% financeira e 25% econ\u00f4mica no per\u00edodo de quatro anos.<\/li>\n<\/ul>\n<p>Prazo limite para envio de projetos encerra-se no dia <strong>30 de junho<\/strong>.<\/p>\n<p>Acesse o site e baixe o edital completo:\u00a0<a href=\"https:\/\/www.sebraepr.com.br\/edital-incubadoras\/\" target=\"_blank\" rel=\"noopener\">https:\/\/www.sebraepr.com.br\/edital-incubadoras\/<\/a><\/p>\n<p>Informa\u00e7\u00f5es adicionais sobre o edital podem ser obtidas pelo e-mail <a href=\"mailto:editalincubadoras@pr.sebrae.com.br\" target=\"_blank\" rel=\"noopener\">editalincubadoras@pr.sebrae.com.br<\/a><\/p>\n<p>&nbsp;<\/p>\n<p><img decoding=\"async\" loading=\"lazy\" class=\"alignleft wp-image-32606 size-medium\" src=\"https:\/\/anprotec.org.br\/site\/wp-content\/uploads\/2020\/06\/Cerne-Novo-Logo-01-2-300x98.png\" alt=\"\" width=\"300\" height=\"98\" srcset=\"https:\/\/anprotec.org.br\/site\/wp-content\/uploads\/2020\/06\/Cerne-Novo-Logo-01-2-300x98.png 300w, https:\/\/anprotec.org.br\/site\/wp-content\/uploads\/2020\/06\/Cerne-Novo-Logo-01-2-768x251.png 768w, https:\/\/anprotec.org.br\/site\/wp-content\/uploads\/2020\/06\/Cerne-Novo-Logo-01-2-1024x334.png 1024w, https:\/\/anprotec.org.br\/site\/wp-content\/uploads\/2020\/06\/Cerne-Novo-Logo-01-2-260x85.png 260w, https:\/\/anprotec.org.br\/site\/wp-content\/uploads\/2020\/06\/Cerne-Novo-Logo-01-2-50x16.png 50w, https:\/\/anprotec.org.br\/site\/wp-content\/uploads\/2020\/06\/Cerne-Novo-Logo-01-2-150x49.png 150w, https:\/\/anprotec.org.br\/site\/wp-content\/uploads\/2020\/06\/Cerne-Novo-Logo-01-2.png 2048w\" sizes=\"(max-width: 300px) 100vw, 300px\" \/><\/p>\n<p><img decoding=\"async\" loading=\"lazy\" class=\"alignleft wp-image-32605 \" src=\"https:\/\/anprotec.org.br\/site\/wp-content\/uploads\/2020\/06\/sebrae-logo-1-300x162.png\" alt=\"\" width=\"172\" height=\"93\" srcset=\"https:\/\/anprotec.org.br\/site\/wp-content\/uploads\/2020\/06\/sebrae-logo-1-300x162.png 300w, https:\/\/anprotec.org.br\/site\/wp-content\/uploads\/2020\/06\/sebrae-logo-1-768x415.png 768w, https:\/\/anprotec.org.br\/site\/wp-content\/uploads\/2020\/06\/sebrae-logo-1-1024x554.png 1024w, https:\/\/anprotec.org.br\/site\/wp-content\/uploads\/2020\/06\/sebrae-logo-1-260x141.png 260w, https:\/\/anprotec.org.br\/site\/wp-content\/uploads\/2020\/06\/sebrae-logo-1-50x27.png 50w, https:\/\/anprotec.org.br\/site\/wp-content\/uploads\/2020\/06\/sebrae-logo-1-139x75.png 139w, https:\/\/anprotec.org.br\/site\/wp-content\/uploads\/2020\/06\/sebrae-logo-1.png 2048w\" sizes=\"(max-width: 172px) 100vw, 172px\" \/><\/p>\n","protected":false},"excerpt":{"rendered":"<p>&nbsp; O Sebrae-PR torna p\u00fablico edital de Chamada P\u00fablica para<span class=\"excerpt-hellip\"> [\u2026]<\/span><\/p>\n","protected":false},"author":8,"featured_media":26037,"comment_status":"closed","ping_status":"closed","sticky":false,"template":"","format":"standard","meta":{"footnotes":"","_links_to":"","_links_to_target":""},"categories":[3,383,414],"tags":[],"calendar":[],"_links":{"self":[{"href":"https:\/\/anprotec.org.br\/site\/wp-json\/wp\/v2\/posts\/32604"}],"collection":[{"href":"https:\/\/anprotec.org.br\/site\/wp-json\/wp\/v2\/posts"}],"about":[{"href":"https:\/\/anprotec.org.br\/site\/wp-json\/wp\/v2\/types\/post"}],"author":[{"embeddable":true,"href":"https:\/\/anprotec.org.br\/site\/wp-json\/wp\/v2\/users\/8"}],"replies":[{"embeddable":true,"href":"https:\/\/anprotec.org.br\/site\/wp-json\/wp\/v2\/comments?post=32604"}],"version-history":[{"count":2,"href":"https:\/\/anprotec.org.br\/site\/wp-json\/wp\/v2\/posts\/32604\/revisions"}],"predecessor-version":[{"id":32609,"href":"https:\/\/anprotec.org.br\/site\/wp-json\/wp\/v2\/posts\/32604\/revisions\/32609"}],"wp:featuredmedia":[{"embeddable":true,"href":"https:\/\/anprotec.org.br\/site\/wp-json\/wp\/v2\/media\/26037"}],"wp:attachment":[{"href":"https:\/\/anprotec.org.br\/site\/wp-json\/wp\/v2\/media?parent=32604"}],"wp:term":[{"taxonomy":"category","embeddable":true,"href":"https:\/\/anprotec.org.br\/site\/wp-json\/wp\/v2\/categories?post=32604"},{"taxonomy":"post_tag","embeddable":true,"href":"https:\/\/anprotec.org.br\/site\/wp-json\/wp\/v2\/tags?post=32604"},{"taxonomy":"calendar","embeddable":true,"href":"https:\/\/anprotec.org.br\/site\/wp-json\/wp\/v2\/calendar?post=32604"}],"curies":[{"name":"wp","href":"https:\/\/api.w.org\/{rel}","templated":true}]}}