{"id":32386,"date":"2020-06-03T15:36:23","date_gmt":"2020-06-03T18:36:23","guid":{"rendered":"https:\/\/anprotec.org.br\/site\/?p=32386"},"modified":"2025-02-28T15:54:18","modified_gmt":"2025-02-28T18:54:18","slug":"ufg-realiza-o-1-ideathon-lab","status":"publish","type":"post","link":"https:\/\/anprotec.org.br\/site\/2020\/06\/ufg-realiza-o-1-ideathon-lab\/","title":{"rendered":"UFG realiza o 1\u00b0 Ideathon Lab"},"content":{"rendered":"<p><strong><img decoding=\"async\" loading=\"lazy\" class=\"size-full wp-image-32387 alignleft\" src=\"https:\/\/anprotec.org.br\/site\/wp-content\/uploads\/2020\/06\/Logo_IDEATHONlab_FundoTransparente_Versa\u0303o1.jpg\" alt=\"\" width=\"370\" height=\"235\" srcset=\"https:\/\/anprotec.org.br\/site\/wp-content\/uploads\/2020\/06\/Logo_IDEATHONlab_FundoTransparente_Versa\u0303o1.jpg 370w, https:\/\/anprotec.org.br\/site\/wp-content\/uploads\/2020\/06\/Logo_IDEATHONlab_FundoTransparente_Versa\u0303o1-300x191.jpg 300w, https:\/\/anprotec.org.br\/site\/wp-content\/uploads\/2020\/06\/Logo_IDEATHONlab_FundoTransparente_Versa\u0303o1-230x146.jpg 230w, https:\/\/anprotec.org.br\/site\/wp-content\/uploads\/2020\/06\/Logo_IDEATHONlab_FundoTransparente_Versa\u0303o1-50x32.jpg 50w, https:\/\/anprotec.org.br\/site\/wp-content\/uploads\/2020\/06\/Logo_IDEATHONlab_FundoTransparente_Versa\u0303o1-118x75.jpg 118w\" sizes=\"(max-width: 370px) 100vw, 370px\" \/>Participe d<\/strong>o 1\u00ba Ideathon Lab da UFG, uma maratona de prototipa\u00e7\u00e3o, aberta, colaborativa e inovadora, em que equipes competem entre si para o desenvolvimento de solu\u00e7\u00f5es que possam atender a necessidades da sa\u00fade p\u00fablica.<\/p>\n<p><strong>O 1\u00b0 Ideathon Lab e para todo mundo. Toda a comunidade pode participar, <\/strong>por exemplo, estudantes, arquitetos, m\u00e9dicos, inventores, engenheiros, empreendedores, designers, enfermeiros e quem mais se interessar, desde que tenham idade acima de 18 anos e que tenham interesse em desenvolver solu\u00e7\u00f5es inovadoras aplic\u00e1veis em eventos de risco \u00e0 sa\u00fade p\u00fablica.As inscri\u00e7\u00f5es s\u00e3o gratuitas e devem ser realizadas por equipes de dois a cinco integrantes em <strong>cei.ufg.br<\/strong>, entre o dia 29 de maio e o dia 09 de junho de 2020 at\u00e9 \u00e0s 18h00 (dezoito horas), hor\u00e1rio de Bras\u00edlia.<\/p>\n<p>As equipes colocadas nos tr\u00eas primeiros lugares receber\u00e3o premia\u00e7\u00e3o em dinheiro, como descrito a seguir:<\/p>\n<p>\u2022 1\u00ba lugar \u2013 R$ 5.000,00 (cinco mil reais);<br \/>\n\u2022 2\u00ba lugar \u2013 R$ 3.000,00 (tr\u00eas mil reais); e<br \/>\n\u2022 3\u00ba lugar \u2013 R$ 2.000,00 (dois mil reais).<\/p>\n","protected":false},"excerpt":{"rendered":"<p>Participe do 1\u00ba Ideathon Lab da UFG, uma maratona de<span class=\"excerpt-hellip\"> [\u2026]<\/span><\/p>\n","protected":false},"author":8,"featured_media":32387,"comment_status":"closed","ping_status":"closed","sticky":false,"template":"","format":"standard","meta":{"footnotes":"","_links_to":"","_links_to_target":""},"categories":[415,3,383],"tags":[],"calendar":[],"_links":{"self":[{"href":"https:\/\/anprotec.org.br\/site\/wp-json\/wp\/v2\/posts\/32386"}],"collection":[{"href":"https:\/\/anprotec.org.br\/site\/wp-json\/wp\/v2\/posts"}],"about":[{"href":"https:\/\/anprotec.org.br\/site\/wp-json\/wp\/v2\/types\/post"}],"author":[{"embeddable":true,"href":"https:\/\/anprotec.org.br\/site\/wp-json\/wp\/v2\/users\/8"}],"replies":[{"embeddable":true,"href":"https:\/\/anprotec.org.br\/site\/wp-json\/wp\/v2\/comments?post=32386"}],"version-history":[{"count":1,"href":"https:\/\/anprotec.org.br\/site\/wp-json\/wp\/v2\/posts\/32386\/revisions"}],"predecessor-version":[{"id":32388,"href":"https:\/\/anprotec.org.br\/site\/wp-json\/wp\/v2\/posts\/32386\/revisions\/32388"}],"wp:featuredmedia":[{"embeddable":true,"href":"https:\/\/anprotec.org.br\/site\/wp-json\/wp\/v2\/media\/32387"}],"wp:attachment":[{"href":"https:\/\/anprotec.org.br\/site\/wp-json\/wp\/v2\/media?parent=32386"}],"wp:term":[{"taxonomy":"category","embeddable":true,"href":"https:\/\/anprotec.org.br\/site\/wp-json\/wp\/v2\/categories?post=32386"},{"taxonomy":"post_tag","embeddable":true,"href":"https:\/\/anprotec.org.br\/site\/wp-json\/wp\/v2\/tags?post=32386"},{"taxonomy":"calendar","embeddable":true,"href":"https:\/\/anprotec.org.br\/site\/wp-json\/wp\/v2\/calendar?post=32386"}],"curies":[{"name":"wp","href":"https:\/\/api.w.org\/{rel}","templated":true}]}}