{"id":32316,"date":"2020-05-26T17:11:52","date_gmt":"2020-05-26T20:11:52","guid":{"rendered":"https:\/\/anprotec.org.br\/site\/?p=32316"},"modified":"2025-02-28T15:55:32","modified_gmt":"2025-02-28T18:55:32","slug":"conferencia-anprotec-2020-acontece-em-novembro-e-sera-virtual","status":"publish","type":"post","link":"https:\/\/anprotec.org.br\/site\/2020\/05\/conferencia-anprotec-2020-acontece-em-novembro-e-sera-virtual\/","title":{"rendered":"Confer\u00eancia Anprotec 2020 acontece em novembro e ser\u00e1 virtual"},"content":{"rendered":"<p align=\"center\"><strong>Vem a\u00ed a primeira Confer\u00eancia Anprotec Virtual<\/strong><\/p>\n<div><\/div>\n<div><\/div>\n<div><\/div>\n<p><img decoding=\"async\" loading=\"lazy\" class=\"alignleft size-full wp-image-33681\" src=\"https:\/\/anprotec.org.br\/site\/wp-content\/uploads\/2020\/03\/Logo_Aprovado-Cinza-claro-02.png\" alt=\"\" width=\"370\" height=\"235\" srcset=\"https:\/\/anprotec.org.br\/site\/wp-content\/uploads\/2020\/03\/Logo_Aprovado-Cinza-claro-02.png 370w, https:\/\/anprotec.org.br\/site\/wp-content\/uploads\/2020\/03\/Logo_Aprovado-Cinza-claro-02-300x191.png 300w, https:\/\/anprotec.org.br\/site\/wp-content\/uploads\/2020\/03\/Logo_Aprovado-Cinza-claro-02-230x146.png 230w, https:\/\/anprotec.org.br\/site\/wp-content\/uploads\/2020\/03\/Logo_Aprovado-Cinza-claro-02-50x32.png 50w, https:\/\/anprotec.org.br\/site\/wp-content\/uploads\/2020\/03\/Logo_Aprovado-Cinza-claro-02-118x75.png 118w\" sizes=\"(max-width: 370px) 100vw, 370px\" \/>A data do evento online, em 2020, continua a mesma &#8211; de <strong>23 a 25 de novembro<\/strong>, com o tema &#8220;<strong>Ambientes de Inova\u00e7\u00e3o 4.0: Desafios e Oportunidades na Nova Din\u00e2mica Global<\/strong>&#8220;.<\/p>\n<p>No cen\u00e1rio de instabilidades em que vivemos nos \u00faltimos anos, no Brasil e no mundo, \u00e9 muito importante que os ambientes de inova\u00e7\u00e3o estejam atentos \u00e0 ado\u00e7\u00e3o de modelos flex\u00edveis e abertos, para que consigam atrair projetos de alto potencial, se reinventando, sempre que necess\u00e1rio, diante dos atuais desafios impostos pelas novas tecnologias.<\/p>\n<p>Compreender as din\u00e2micas e a\u00e7\u00f5es que geram competitividade aos novos neg\u00f3cios, aprofundando pr\u00e1ticas inovadoras na infraestrutura de produ\u00e7\u00e3o, na rela\u00e7\u00e3o com o mercado e o cliente, na l\u00f3gica financeira e em suas demandas por tecnologias e diferencia\u00e7\u00f5es, \u00e9 o trabalho chave dos ambientes de inova\u00e7\u00e3o nesse novo contexto; assim como se manter atualizado com as pr\u00e1ticas de corporate venture, internacionaliza\u00e7\u00e3o e impacto social e ambiental.<\/p>\n<p>Assim, a\u00a0cidade de Gramado, no Rio Grande do Sul, fica desde j\u00e1 eleita como a sede da 31\u00aa edi\u00e7\u00e3o do evento, em 2021.<\/p>\n<p>Com o objetivo de priorizar a seguran\u00e7a de todos, a iniciativa se d\u00e1 devido ao avan\u00e7o da Covid-19, causada pelo Coronav\u00edrus, que gerou uma s\u00e9rie de provid\u00eancias emergenciais no Brasil e no mundo.<\/p>\n<p>E para j\u00e1 entrar no clima da Confer\u00eancia virtual, a Associa\u00e7\u00e3o lan\u00e7ou o\u00a0<a href=\"https:\/\/anprotec.org.br\/site\/projetos\/anprotalks\/\" target=\"_blank\" rel=\"noopener noreferrer\"><strong>AnproTalks<\/strong><\/a>, programa de webinars gratuitos que acontecer\u00e3o durante o ano at\u00e9 a data do evento.<\/p>\n<p>O site da Confer\u00eancia ser\u00e1 lan\u00e7ado em breve! Fiquem ligados em nossos canais!<\/p>\n","protected":false},"excerpt":{"rendered":"<p>Vem a\u00ed a primeira Confer\u00eancia Anprotec Virtual A data do<span class=\"excerpt-hellip\"> [\u2026]<\/span><\/p>\n","protected":false},"author":8,"featured_media":33681,"comment_status":"closed","ping_status":"closed","sticky":false,"template":"","format":"standard","meta":{"footnotes":"","_links_to":"","_links_to_target":""},"categories":[411,3],"tags":[],"calendar":[],"_links":{"self":[{"href":"https:\/\/anprotec.org.br\/site\/wp-json\/wp\/v2\/posts\/32316"}],"collection":[{"href":"https:\/\/anprotec.org.br\/site\/wp-json\/wp\/v2\/posts"}],"about":[{"href":"https:\/\/anprotec.org.br\/site\/wp-json\/wp\/v2\/types\/post"}],"author":[{"embeddable":true,"href":"https:\/\/anprotec.org.br\/site\/wp-json\/wp\/v2\/users\/8"}],"replies":[{"embeddable":true,"href":"https:\/\/anprotec.org.br\/site\/wp-json\/wp\/v2\/comments?post=32316"}],"version-history":[{"count":3,"href":"https:\/\/anprotec.org.br\/site\/wp-json\/wp\/v2\/posts\/32316\/revisions"}],"predecessor-version":[{"id":33686,"href":"https:\/\/anprotec.org.br\/site\/wp-json\/wp\/v2\/posts\/32316\/revisions\/33686"}],"wp:featuredmedia":[{"embeddable":true,"href":"https:\/\/anprotec.org.br\/site\/wp-json\/wp\/v2\/media\/33681"}],"wp:attachment":[{"href":"https:\/\/anprotec.org.br\/site\/wp-json\/wp\/v2\/media?parent=32316"}],"wp:term":[{"taxonomy":"category","embeddable":true,"href":"https:\/\/anprotec.org.br\/site\/wp-json\/wp\/v2\/categories?post=32316"},{"taxonomy":"post_tag","embeddable":true,"href":"https:\/\/anprotec.org.br\/site\/wp-json\/wp\/v2\/tags?post=32316"},{"taxonomy":"calendar","embeddable":true,"href":"https:\/\/anprotec.org.br\/site\/wp-json\/wp\/v2\/calendar?post=32316"}],"curies":[{"name":"wp","href":"https:\/\/api.w.org\/{rel}","templated":true}]}}