{"id":32292,"date":"2020-05-22T15:26:24","date_gmt":"2020-05-22T18:26:24","guid":{"rendered":"https:\/\/anprotec.org.br\/site\/?p=32292"},"modified":"2025-02-28T15:55:55","modified_gmt":"2025-02-28T18:55:55","slug":"anprotec-lanca-serie-de-webinars-para-discutir-sobre-o-futuro-dos-ambientes-de-inovacao","status":"publish","type":"post","link":"https:\/\/anprotec.org.br\/site\/2020\/05\/anprotec-lanca-serie-de-webinars-para-discutir-sobre-o-futuro-dos-ambientes-de-inovacao\/","title":{"rendered":"Anprotec lan\u00e7a s\u00e9rie de webinars para discutir sobre o futuro dos ambientes de inova\u00e7\u00e3o"},"content":{"rendered":"<p>No pr\u00f3ximo dia\u00a0<strong>29 de maio, \u00e0s 11h,<\/strong>\u00a0acontece o lan\u00e7amento da s\u00e9rie AnproTalks &#8211; programa de webinars da Associa\u00e7\u00e3o para aprofundar o debate sobre &#8220;Novas Estrat\u00e9gias para os Ambientes de Inova\u00e7\u00e3o em uma Economia e Sociedade em Transforma\u00e7\u00e3o.&#8221;<\/p>\n<p>O primeiro webinar tem como tema &#8220;<strong>1000 dias para os ambientes de inova\u00e7\u00e3o se reinventarem<\/strong>&#8220;, e a participa\u00e7\u00e3o especial de S\u00edlvio Meira, presidente do Conselho de Administra\u00e7\u00e3o do Porto Digital. A modera\u00e7\u00e3o fica por conta do presidente da Anprotec, Francisco Saboya.<\/p>\n<p>Meira tamb\u00e9m \u00e9 cientista-chefe da The Digital Strategy Company e professor extraordin\u00e1rio da cesar.school.<\/p>\n<p>Al\u00e9m do webinar de lan\u00e7amento, outros encontros j\u00e1 est\u00e3o agendados.<\/p>\n<p><strong>Webinar 02<\/strong><\/p>\n<p>Data: 05\/06\/2020<br \/>\nHora: 11h<\/p>\n<p>Palestrante: Josep Piqu\u00e9<br \/>\nMediador: Daniel Leipnitz<br \/>\nTema: Ecossistemas de Inova\u00e7\u00e3o como mecanismos de resposta \u00e0 Covid e reinven\u00e7\u00e3o do p\u00f3s-covid<\/p>\n<p><strong>Webinar 03<\/strong><\/p>\n<p>Data: 19\/06\/2020<br \/>\nHora: 11h<\/p>\n<p>Palestrante: Jo\u00e3o Kepler<br \/>\nMediador: Rosana Jamal<br \/>\nTema: O mercado de venture capital no Brasil: panorama atual e perspectivas no quadro de recess\u00e3o.<\/p>\n<p>Clique no bot\u00e3o abaixo e\u00a0<strong>fa\u00e7a sua pr\u00e9-inscri\u00e7\u00e3o no primeiro webinar<\/strong>. Em seguida, voc\u00ea receber\u00e1 um e-mail de confirma\u00e7\u00e3o com o link para acessar a live.<\/p>\n<p><strong>Vem muita novidade por a\u00ed!\u00a0<\/strong><\/p>\n<p><a href=\"https:\/\/informativo.anprotec.org.br\/webinar01\" target=\"_blank\" rel=\"noopener\"><strong>CLIQUE AQUI E INSCREVA-SE!<\/strong><\/a><\/p>\n<p><a href=\"https:\/\/informativo.anprotec.org.br\/webinar01\" target=\"_blank\" rel=\"noopener\"><img decoding=\"async\" loading=\"lazy\" class=\"aligncenter size-large wp-image-32293\" src=\"https:\/\/anprotec.org.br\/site\/wp-content\/uploads\/2020\/05\/Webinar_Aprovado-02-1024x1024.jpg\" alt=\"\" width=\"1024\" height=\"1024\" srcset=\"https:\/\/anprotec.org.br\/site\/wp-content\/uploads\/2020\/05\/Webinar_Aprovado-02-1024x1024.jpg 1024w, https:\/\/anprotec.org.br\/site\/wp-content\/uploads\/2020\/05\/Webinar_Aprovado-02-300x300.jpg 300w, https:\/\/anprotec.org.br\/site\/wp-content\/uploads\/2020\/05\/Webinar_Aprovado-02-768x768.jpg 768w, https:\/\/anprotec.org.br\/site\/wp-content\/uploads\/2020\/05\/Webinar_Aprovado-02-146x146.jpg 146w, https:\/\/anprotec.org.br\/site\/wp-content\/uploads\/2020\/05\/Webinar_Aprovado-02-50x50.jpg 50w, https:\/\/anprotec.org.br\/site\/wp-content\/uploads\/2020\/05\/Webinar_Aprovado-02-75x75.jpg 75w, https:\/\/anprotec.org.br\/site\/wp-content\/uploads\/2020\/05\/Webinar_Aprovado-02-85x85.jpg 85w, https:\/\/anprotec.org.br\/site\/wp-content\/uploads\/2020\/05\/Webinar_Aprovado-02-80x80.jpg 80w, https:\/\/anprotec.org.br\/site\/wp-content\/uploads\/2020\/05\/Webinar_Aprovado-02.jpg 2048w\" sizes=\"(max-width: 1024px) 100vw, 1024px\" \/><\/a><\/p>\n","protected":false},"excerpt":{"rendered":"<p>No pr\u00f3ximo dia\u00a029 de maio, \u00e0s 11h,\u00a0acontece o lan\u00e7amento da<span class=\"excerpt-hellip\"> [\u2026]<\/span><\/p>\n","protected":false},"author":8,"featured_media":32294,"comment_status":"closed","ping_status":"closed","sticky":false,"template":"","format":"standard","meta":{"footnotes":"","_links_to":"","_links_to_target":""},"categories":[416,3,383],"tags":[],"calendar":[],"_links":{"self":[{"href":"https:\/\/anprotec.org.br\/site\/wp-json\/wp\/v2\/posts\/32292"}],"collection":[{"href":"https:\/\/anprotec.org.br\/site\/wp-json\/wp\/v2\/posts"}],"about":[{"href":"https:\/\/anprotec.org.br\/site\/wp-json\/wp\/v2\/types\/post"}],"author":[{"embeddable":true,"href":"https:\/\/anprotec.org.br\/site\/wp-json\/wp\/v2\/users\/8"}],"replies":[{"embeddable":true,"href":"https:\/\/anprotec.org.br\/site\/wp-json\/wp\/v2\/comments?post=32292"}],"version-history":[{"count":2,"href":"https:\/\/anprotec.org.br\/site\/wp-json\/wp\/v2\/posts\/32292\/revisions"}],"predecessor-version":[{"id":32297,"href":"https:\/\/anprotec.org.br\/site\/wp-json\/wp\/v2\/posts\/32292\/revisions\/32297"}],"wp:featuredmedia":[{"embeddable":true,"href":"https:\/\/anprotec.org.br\/site\/wp-json\/wp\/v2\/media\/32294"}],"wp:attachment":[{"href":"https:\/\/anprotec.org.br\/site\/wp-json\/wp\/v2\/media?parent=32292"}],"wp:term":[{"taxonomy":"category","embeddable":true,"href":"https:\/\/anprotec.org.br\/site\/wp-json\/wp\/v2\/categories?post=32292"},{"taxonomy":"post_tag","embeddable":true,"href":"https:\/\/anprotec.org.br\/site\/wp-json\/wp\/v2\/tags?post=32292"},{"taxonomy":"calendar","embeddable":true,"href":"https:\/\/anprotec.org.br\/site\/wp-json\/wp\/v2\/calendar?post=32292"}],"curies":[{"name":"wp","href":"https:\/\/api.w.org\/{rel}","templated":true}]}}