{"id":32232,"date":"2020-05-06T15:14:46","date_gmt":"2020-05-06T18:14:46","guid":{"rendered":"https:\/\/anprotec.org.br\/site\/?p=32232"},"modified":"2025-02-28T16:19:47","modified_gmt":"2025-02-28T19:19:47","slug":"mctic-finep-recebe-81-propostas-para-novos-equipamentos-de-protecao-contra-a-covid-19","status":"publish","type":"post","link":"https:\/\/anprotec.org.br\/site\/2020\/05\/mctic-finep-recebe-81-propostas-para-novos-equipamentos-de-protecao-contra-a-covid-19\/","title":{"rendered":"MCTIC\/Finep Recebe 81 Propostas para novos Equipamentos de Prote\u00e7\u00e3o contra a Covid-19"},"content":{"rendered":"<p>Empresas de todo o Brasil apresentaram 81 propostas de solu\u00e7\u00f5es inovadoras para o desenvolvimento de equipamentos de prote\u00e7\u00e3o individual (EPIs) e coletivos (EPCs) que v\u00e3o ajudar no enfrentamento \u00e0 covid-19. A chamada p\u00fablica do Minist\u00e9rio da Ci\u00eancia, Tecnologia, Inova\u00e7\u00f5es e Comunica\u00e7\u00f5es (MCTIC) vai destinar R$ 5 milh\u00f5es para apoiar projetos de inova\u00e7\u00e3o em produtos ou processos que garantam a prote\u00e7\u00e3o e seguran\u00e7a biol\u00f3gica de equipes m\u00e9dicas e hospitalares contra o coronav\u00edrus.<\/p>\n<p>Os equipamentos de prote\u00e7\u00e3o individual poder\u00e3o ser utilizados por profissionais de sa\u00fade, pacientes e p\u00fablico em geral. J\u00e1 os destinados \u00e0 prote\u00e7\u00e3o coletiva dever\u00e3o assegurar, \u00e0s equipes de sa\u00fade, seguran\u00e7a em ambientes cl\u00ednico e hospitalar, inclusive no transporte de pacientes, desinfec\u00e7\u00e3o e ambientes e utens\u00edlios.<\/p>\n<p>Os recursos, n\u00e3o reembols\u00e1veis, vir\u00e3o do Fundo Nacional de Desenvolvimento Cient\u00edfico e Tecnol\u00f3gico (FNDCT), que \u00e9 operado pela Financiadora de Inova\u00e7\u00e3o e Pesquisa (Finep), empresa p\u00fablica vinculada ao MCTIC. Os R$ 5 milh\u00f5es ser\u00e3o destinados a empresas de todos os portes, incluindo startups e empresas de base tecnol\u00f3gica, da cadeia de valor de insumos m\u00e9dicos e hospitalares e cadeias correlatas ou de outras que detenham tecnologias aplic\u00e1veis nos equipamentos e sistemas de EPI\/EPC. As propostas poder\u00e3o contemplar a contrata\u00e7\u00e3o de uma Institui\u00e7\u00e3o Cient\u00edfica, Tecnol\u00f3gica e de Inova\u00e7\u00e3o (ICT), como prestadora de servi\u00e7o, e envolver ainda parceria com mais de uma empresa.<\/p>\n<p>O valor m\u00ednimo a ser solicitado \u00e0 Finep\/MCTIC \u00e9 de R$ 300 mil, sendo R$ 1,5 milh\u00e3o o limite m\u00e1ximo aceit\u00e1vel para cada proposta. A empresa beneficiada tamb\u00e9m dever\u00e1 apresentar contrapartida financeira para o desenvolvimento do projeto. Os percentuais m\u00ednimos da contrapartida v\u00e3o variar de acordo com o porte da empresa. Em caso de parceria de empresas na mesma proposta, ser\u00e1 considerado o faturamento da benefici\u00e1ria de maior porte em 2019.<\/p>\n<p>\u201cA solu\u00e7\u00e3o para o covid-19 \u00e9 o conhecimento cient\u00edfico e tecnol\u00f3gico\u201d, afirma o secret\u00e1rio de Empreendedorismo e Inova\u00e7\u00e3o do MCTIC, Paulo Alvim. \u201cAl\u00e9m da necessidade urgente de proteger os profissionais de sa\u00fade e a popula\u00e7\u00e3o em geral durante a pandemia, estamos incentivando o desenvolvimento de novas tecnologias voltadas para equipamentos de sa\u00fade e outras \u00e1reas relacionadas.\u201d<\/p>\n<p>A divulga\u00e7\u00e3o de resultado preliminar est\u00e1 prevista para o dia 8 de maio, e o resultado final para o dia 28 de maio.<\/p>\n<p><img decoding=\"async\" src=\"http:\/\/www.mctic.gov.br\/mctic\/opencms\/backend\/galeria\/fotos\/2020\/05\/05\/WhatsApp_Image_20200505_at_101928.jpeg\" alt=\"CGCS\/MCTIC\" \/><\/p>\n<p>Fonte:\u00a0<a href=\"http:\/\/www.mctic.gov.br\/mctic\/opencms\/salaImprensa\/noticias\/arquivos\/2020\/05\/MCTICFinep_Recebe_81_Propostas_para_novos_Equipamentos_de_Protecao_contra_a_Covid19.html\" target=\"_blank\" rel=\"noopener\">MCTIC<\/a><\/p>\n","protected":false},"excerpt":{"rendered":"<p>Empresas de todo o Brasil apresentaram 81 propostas de solu\u00e7\u00f5es<span class=\"excerpt-hellip\"> [\u2026]<\/span><\/p>\n","protected":false},"author":8,"featured_media":32233,"comment_status":"closed","ping_status":"closed","sticky":false,"template":"","format":"standard","meta":{"footnotes":"","_links_to":"","_links_to_target":""},"categories":[3,414],"tags":[],"calendar":[],"_links":{"self":[{"href":"https:\/\/anprotec.org.br\/site\/wp-json\/wp\/v2\/posts\/32232"}],"collection":[{"href":"https:\/\/anprotec.org.br\/site\/wp-json\/wp\/v2\/posts"}],"about":[{"href":"https:\/\/anprotec.org.br\/site\/wp-json\/wp\/v2\/types\/post"}],"author":[{"embeddable":true,"href":"https:\/\/anprotec.org.br\/site\/wp-json\/wp\/v2\/users\/8"}],"replies":[{"embeddable":true,"href":"https:\/\/anprotec.org.br\/site\/wp-json\/wp\/v2\/comments?post=32232"}],"version-history":[{"count":1,"href":"https:\/\/anprotec.org.br\/site\/wp-json\/wp\/v2\/posts\/32232\/revisions"}],"predecessor-version":[{"id":32234,"href":"https:\/\/anprotec.org.br\/site\/wp-json\/wp\/v2\/posts\/32232\/revisions\/32234"}],"wp:featuredmedia":[{"embeddable":true,"href":"https:\/\/anprotec.org.br\/site\/wp-json\/wp\/v2\/media\/32233"}],"wp:attachment":[{"href":"https:\/\/anprotec.org.br\/site\/wp-json\/wp\/v2\/media?parent=32232"}],"wp:term":[{"taxonomy":"category","embeddable":true,"href":"https:\/\/anprotec.org.br\/site\/wp-json\/wp\/v2\/categories?post=32232"},{"taxonomy":"post_tag","embeddable":true,"href":"https:\/\/anprotec.org.br\/site\/wp-json\/wp\/v2\/tags?post=32232"},{"taxonomy":"calendar","embeddable":true,"href":"https:\/\/anprotec.org.br\/site\/wp-json\/wp\/v2\/calendar?post=32232"}],"curies":[{"name":"wp","href":"https:\/\/api.w.org\/{rel}","templated":true}]}}