{"id":32223,"date":"2020-05-05T15:17:56","date_gmt":"2020-05-05T18:17:56","guid":{"rendered":"https:\/\/anprotec.org.br\/site\/?p=32223"},"modified":"2025-02-28T16:20:21","modified_gmt":"2025-02-28T19:20:21","slug":"parque-tecnologico-sao-jose-dos-campos-recebe-inscricoes-para-novas-startups","status":"publish","type":"post","link":"https:\/\/anprotec.org.br\/site\/2020\/05\/parque-tecnologico-sao-jose-dos-campos-recebe-inscricoes-para-novas-startups\/","title":{"rendered":"Parque Tecnol\u00f3gico S\u00e3o Jos\u00e9 dos Campos recebe inscri\u00e7\u00f5es para novas startups"},"content":{"rendered":"<p><img decoding=\"async\" loading=\"lazy\" class=\" wp-image-32225 alignleft\" src=\"https:\/\/anprotec.org.br\/site\/wp-content\/uploads\/2020\/05\/home-nexxus.jpg\" alt=\"\" width=\"307\" height=\"195\" srcset=\"https:\/\/anprotec.org.br\/site\/wp-content\/uploads\/2020\/05\/home-nexxus.jpg 370w, https:\/\/anprotec.org.br\/site\/wp-content\/uploads\/2020\/05\/home-nexxus-300x191.jpg 300w, https:\/\/anprotec.org.br\/site\/wp-content\/uploads\/2020\/05\/home-nexxus-230x146.jpg 230w, https:\/\/anprotec.org.br\/site\/wp-content\/uploads\/2020\/05\/home-nexxus-50x32.jpg 50w, https:\/\/anprotec.org.br\/site\/wp-content\/uploads\/2020\/05\/home-nexxus-118x75.jpg 118w\" sizes=\"(max-width: 307px) 100vw, 307px\" \/><em>O Nexus &#8211; hub de inova\u00e7\u00e3o do Parque Tecnol\u00f3gico S\u00e3o Jos\u00e9 dos Campos recebe at\u00e9 11 de maio inscri\u00e7\u00f5es para o Batch#15, processo seletivo de novas startups.<\/em><\/p>\n<p>Podem participar desde empreendedores com ideias ainda no papel at\u00e9 startups j\u00e1 estabelecidas. Os candidatos passar\u00e3o por duas etapas de avalia\u00e7\u00e3o &#8211; modelo de neg\u00f3cio e poder de execu\u00e7\u00e3o &#8211; al\u00e9m de workshops e pitch. O resultado ser\u00e1 divulgado no dia 19 de junho em todos os canais do Parque Tecnol\u00f3gico.<\/p>\n<p>Enquanto a incuba\u00e7\u00e3o \u00e9 focada em jovens empresas de base tecnol\u00f3gica, a acelera\u00e7\u00e3o tem foco em startups digitais, jovens empresas com grande potencial para crescer de forma r\u00e1pida. Assim, o programa de incuba\u00e7\u00e3o \u00e9 de at\u00e9 dois anos e o de acelera\u00e7\u00e3o dura at\u00e9 um ano.<\/p>\n<p>A Emanda entrou no processo de 2019 e \u00e9 acelerada pelo Nexus. A startup iniciou as opera\u00e7\u00f5es no come\u00e7o de 2019 com a ideia de oferecer uma ferramenta simples e amig\u00e1vel para disparo de e-mail marketing.<\/p>\n<p>\u201cEm um dos workshops do Nexus, conheci uma propriet\u00e1ria de loja virtual de cal\u00e7ados que me deu o insight para a ferramenta ter um processo de cria\u00e7\u00e3o pr\u00f3prio e, ent\u00e3o, pivotamos e criamos esse diferencial\u201d, lembra Iuri Moura Silva, fundador da Emanda.<\/p>\n<p>Atualmente a startup disponibiliza uma ferramenta completa para e-mail marketing, automatizada por meio de intelig\u00eancia artificial e focada no aumento de vendas de e-commerces.<\/p>\n<p>Foi tamb\u00e9m por meio do Nexus que Iuri conheceu um representante da Mercado Shops, plataforma de e-commerce do Mercado Livre. \u201cUm empreendedor do Nexus me convidou para uma visita ao Mercado Livre e troquei contatos com o representante\u201d.<\/p>\n<p>Por conta da pandemia de Covid-19, diversos clientes da Mercado Shops buscaram a plataforma com d\u00favidas de como atingir o cliente por meio de ferramentas de e-mail. Desde ent\u00e3o, a Mercado Shops tem indicado a Emanda, que vem aumentando muito o n\u00famero de clientes por meio desta parceria.<\/p>\n<p>\u201cNo nosso caso, o cen\u00e1rio da pandemia favoreceu o crescimento da empresa, encontrei exatamente os clientes que quero atender: os que n\u00e3o tem tempo e nem equipe para desenvolver pe\u00e7as de e-mail marketing assertivas. O feedback deles t\u00eam sido extremamente positivos, com grande taxa de convers\u00e3o e retorno de investimento\u201d, conta Iuri.<\/p>\n<p>Para o fundador da Emanda, o Nexus foi fundamental para a consolida\u00e7\u00e3o da empresa, n\u00e3o s\u00f3 pelas conex\u00f5es, mas tamb\u00e9m para todos os ajustes no modelo de neg\u00f3cios e capacita\u00e7\u00e3o. \u201cO Nexus sempre esteve conosco para trazer solu\u00e7\u00f5es, resolver os problemas e nos ajudar a aumentar nosso campo de vis\u00e3o. A comunidade tamb\u00e9m ajuda muito, de forma direta e indireta\u201d, avalia.<\/p>\n<p><strong>Processo seletivo do Nexus<\/strong><\/p>\n<p>As inscri\u00e7\u00f5es para o processo seletivo s\u00e3o gratuitas. Um diferencial desta sele\u00e7\u00e3o \u00e9 a possibilidade de o candidato se inscrever mesmo que ainda n\u00e3o tenha CNPJ constitu\u00eddo. As propostas podem vir de qualquer cidade.<\/p>\n<p>O Nexus est\u00e1 voltado ao est\u00edmulo e \u00e0 cria\u00e7\u00e3o de novos empreendimentos baseados em neg\u00f3cios inovadores com alto valor agregado e de base tecnol\u00f3gica, que atuem preferencialmente nas seguintes \u00e1reas: aeroespacial, agrotecnologia, automotiva, eletr\u00f4nica, energia, fintech, ind\u00fastria 4.0, internet das coisas, meio ambiente, sa\u00fade, smart cities e tecnologia da informa\u00e7\u00e3o.<\/p>\n<p>&#8220;Nosso programa tem metodologia pr\u00f3pria e est\u00e1 focado no desenvolvimento e no fortalecimento do ecossistema de inova\u00e7\u00e3o da regi\u00e3o, unindo for\u00e7as e posicionando S\u00e3o Jos\u00e9 dos Campos como uma cidade empreendedora, pronta para receber novas startups\u201d, explica Alexandre Barros, Gestor de Empreendedorismo e Inova\u00e7\u00e3o do PqTec.<\/p>\n<p>O instrumento de sele\u00e7\u00e3o pode ser acessado neste link. L\u00e1 se encontram todas as informa\u00e7\u00f5es, como inscri\u00e7\u00e3o, datas de cada fase do processo seletivo, crit\u00e9rios de avalia\u00e7\u00e3o e condi\u00e7\u00f5es para participa\u00e7\u00e3o.<\/p>\n<p>\u201cEstar em um parque tecnol\u00f3gico \u00e9 um grande diferencial para todos os perfis de startups, por conta da rede de parceiros, de mentores e de investidores, al\u00e9m das universidades aqui instaladas\u201d, analisa Barros.<\/p>\n<p><strong>Fique ligado<\/strong><\/p>\n<p>Inscri\u00e7\u00f5es abertas para o processo seletivo de novas startups: de 2 de mar\u00e7o a 11 de maio de 2020.<\/p>\n<p>\u00c1reas preferenciais de atua\u00e7\u00e3o do projeto ou startup: aeroespacial, agrotecnologia, automotiva, eletr\u00f4nica, energia, fintech, ind\u00fastria 4.0, internet das coisas, meio ambiente, sa\u00fade, smart cities e tecnologia da informa\u00e7\u00e3o.<\/p>\n<p>Informa\u00e7\u00f5es sobre todas as fases do processo seletivo e link para inscri\u00e7\u00e3o: <a href=\"http:\/\/www.pqtec.org.br\/institucional\/processos-seletivos\/ed\/21\/selecao-nexus-startups-0152020\" target=\"_blank\" rel=\"noopener\">clique aqui.<\/a><\/p>\n<p><strong>Sobre o Nexus<\/strong><\/p>\n<p>O Nexus &#8211; Hub de Inova\u00e7\u00e3o do Parque Tecnol\u00f3gico S\u00e3o Jos\u00e9 dos Campos \u00e9 um ambiente para conex\u00e3o de startups, pequenas, m\u00e9dias e grandes empresas, investidores e institui\u00e7\u00f5es de ensino, com programas de acelera\u00e7\u00e3o e incuba\u00e7\u00e3o que acompanham startups desde a fase de idea\u00e7\u00e3o at\u00e9 escala, e programas que estimulam inova\u00e7\u00e3o aberta em empresas consolidadas e conex\u00e3o entre o ecossistema. O programa recebe novas startups por meio de processos seletivos que ocorrem duas vezes por ano.<\/p>\n","protected":false},"excerpt":{"rendered":"<p>O Nexus &#8211; hub de inova\u00e7\u00e3o do Parque Tecnol\u00f3gico S\u00e3o<span class=\"excerpt-hellip\"> [\u2026]<\/span><\/p>\n","protected":false},"author":8,"featured_media":32225,"comment_status":"closed","ping_status":"closed","sticky":false,"template":"","format":"standard","meta":{"footnotes":"","_links_to":"","_links_to_target":""},"categories":[415,3,383],"tags":[],"calendar":[],"_links":{"self":[{"href":"https:\/\/anprotec.org.br\/site\/wp-json\/wp\/v2\/posts\/32223"}],"collection":[{"href":"https:\/\/anprotec.org.br\/site\/wp-json\/wp\/v2\/posts"}],"about":[{"href":"https:\/\/anprotec.org.br\/site\/wp-json\/wp\/v2\/types\/post"}],"author":[{"embeddable":true,"href":"https:\/\/anprotec.org.br\/site\/wp-json\/wp\/v2\/users\/8"}],"replies":[{"embeddable":true,"href":"https:\/\/anprotec.org.br\/site\/wp-json\/wp\/v2\/comments?post=32223"}],"version-history":[{"count":1,"href":"https:\/\/anprotec.org.br\/site\/wp-json\/wp\/v2\/posts\/32223\/revisions"}],"predecessor-version":[{"id":32226,"href":"https:\/\/anprotec.org.br\/site\/wp-json\/wp\/v2\/posts\/32223\/revisions\/32226"}],"wp:featuredmedia":[{"embeddable":true,"href":"https:\/\/anprotec.org.br\/site\/wp-json\/wp\/v2\/media\/32225"}],"wp:attachment":[{"href":"https:\/\/anprotec.org.br\/site\/wp-json\/wp\/v2\/media?parent=32223"}],"wp:term":[{"taxonomy":"category","embeddable":true,"href":"https:\/\/anprotec.org.br\/site\/wp-json\/wp\/v2\/categories?post=32223"},{"taxonomy":"post_tag","embeddable":true,"href":"https:\/\/anprotec.org.br\/site\/wp-json\/wp\/v2\/tags?post=32223"},{"taxonomy":"calendar","embeddable":true,"href":"https:\/\/anprotec.org.br\/site\/wp-json\/wp\/v2\/calendar?post=32223"}],"curies":[{"name":"wp","href":"https:\/\/api.w.org\/{rel}","templated":true}]}}