{"id":31538,"date":"2020-03-23T10:15:03","date_gmt":"2020-03-23T13:15:03","guid":{"rendered":"https:\/\/anprotec.org.br\/site\/?p=31538"},"modified":"2025-02-28T16:30:21","modified_gmt":"2025-02-28T19:30:21","slug":"fapesp-lanca-chamada-de-propostas-de-pesquisa-contra-covid-19","status":"publish","type":"post","link":"https:\/\/anprotec.org.br\/site\/2020\/03\/fapesp-lanca-chamada-de-propostas-de-pesquisa-contra-covid-19\/","title":{"rendered":"FAPESP lan\u00e7a chamada de propostas de pesquisa contra COVID-19"},"content":{"rendered":"<p>A FAPESP lan\u00e7a chamada de proposta no valor de R$ 10 milh\u00f5es para direcionar iniciativas de pesquisa ao combate da COVID-19, provocada pelo v\u00edrus SARS-CoV-2, o coronav\u00edrus, e estimular micro e pequenas empresas a desenvolver projetos que resultem em inova\u00e7\u00f5es tecnol\u00f3gicas voltadas para o diagn\u00f3stico e o tratamento dos doentes.<\/p>\n<p>\u201cO combate a epidemias e doen\u00e7as em geral \u00e9 sempre um processo complexo, que exige a\u00e7\u00f5es t\u00e9cnicas, pessoal treinado e decis\u00f5es pol\u00edticas, fundamentadas na ci\u00eancia. Os dois editais emergenciais da FAPESP se destinam a financiar o desenvolvimento de boas ideias para o combate \u00e0 epidemia, tanto no que diz respeito ao conhecimento cient\u00edfico relativo ao agente, seus efeitos no organismo e tratamentos, como em seus aspectos tecnol\u00f3gicos, em especial \u00e0 cria\u00e7\u00e3o de produtos e servi\u00e7os que melhorem a nossa capacidade de rea\u00e7\u00e3o\u201d, disse Marco Antonio Zago, presidente da FAPESP.<\/p>\n<p>Na\u00a0<b><a href=\"http:\/\/www.fapesp.br\/14082\">chamada<\/a><\/b>, a FAPESP disponibilizar\u00e1 R$ 10 milh\u00f5es suplementares para redirecionar projetos de pesquisa j\u00e1 em andamento, nas modalidades Tem\u00e1tico e Jovens Pesquisadores e em Centros de Pesquisa, Inova\u00e7\u00e3o e Difus\u00e3o (CEPIDs) e Centros de Pesquisa em Engenharia (CPEs), para a compreens\u00e3o, redu\u00e7\u00e3o de risco, gest\u00e3o e preven\u00e7\u00e3o da COVID-19 e do coronav\u00edrus.<\/p>\n<p>A expectativa \u00e9 mobilizar pesquisadores do Estado de S\u00e3o Paulo em torno dos estudos das caracter\u00edsticas epidemiol\u00f3gicas da COVID-19, no desenvolvimento de testes diagn\u00f3sticos, terapias e procedimentos terap\u00eauticos, nos estudos sobre aspectos cr\u00edticos da infec\u00e7\u00e3o viral, na pesquisa em procedimentos cl\u00ednicos, na identifica\u00e7\u00e3o e avalia\u00e7\u00e3o das respostas imunes, nas investiga\u00e7\u00f5es epidemiol\u00f3gicas e na pesquisa sobre a conten\u00e7\u00e3o e minimiza\u00e7\u00e3o de comportamentos contraproducentes para a epidemia, entre outros desafios que cercam a COVID-19.<\/p>\n<p>Os projetos de pesquisa devem ter dura\u00e7\u00e3o de 24 meses e o valor m\u00e1ximo de cada proposta ser\u00e1 de R$ 200 mil.<\/p>\n<p>O prazo para submiss\u00e3o de projetos vai at\u00e9 22 de junho de 2020.<\/p>\n<p><a href=\"http:\/\/fapesp.br\/14082\" target=\"_blank\" rel=\"noopener\">Confira a chamada aqui!<\/a><\/p>\n","protected":false},"excerpt":{"rendered":"<p>A FAPESP lan\u00e7a chamada de proposta no valor de R$<span class=\"excerpt-hellip\"> [\u2026]<\/span><\/p>\n","protected":false},"author":8,"featured_media":31539,"comment_status":"closed","ping_status":"closed","sticky":false,"template":"","format":"standard","meta":{"footnotes":"","_links_to":"","_links_to_target":""},"categories":[3,414],"tags":[],"calendar":[],"_links":{"self":[{"href":"https:\/\/anprotec.org.br\/site\/wp-json\/wp\/v2\/posts\/31538"}],"collection":[{"href":"https:\/\/anprotec.org.br\/site\/wp-json\/wp\/v2\/posts"}],"about":[{"href":"https:\/\/anprotec.org.br\/site\/wp-json\/wp\/v2\/types\/post"}],"author":[{"embeddable":true,"href":"https:\/\/anprotec.org.br\/site\/wp-json\/wp\/v2\/users\/8"}],"replies":[{"embeddable":true,"href":"https:\/\/anprotec.org.br\/site\/wp-json\/wp\/v2\/comments?post=31538"}],"version-history":[{"count":1,"href":"https:\/\/anprotec.org.br\/site\/wp-json\/wp\/v2\/posts\/31538\/revisions"}],"predecessor-version":[{"id":31540,"href":"https:\/\/anprotec.org.br\/site\/wp-json\/wp\/v2\/posts\/31538\/revisions\/31540"}],"wp:featuredmedia":[{"embeddable":true,"href":"https:\/\/anprotec.org.br\/site\/wp-json\/wp\/v2\/media\/31539"}],"wp:attachment":[{"href":"https:\/\/anprotec.org.br\/site\/wp-json\/wp\/v2\/media?parent=31538"}],"wp:term":[{"taxonomy":"category","embeddable":true,"href":"https:\/\/anprotec.org.br\/site\/wp-json\/wp\/v2\/categories?post=31538"},{"taxonomy":"post_tag","embeddable":true,"href":"https:\/\/anprotec.org.br\/site\/wp-json\/wp\/v2\/tags?post=31538"},{"taxonomy":"calendar","embeddable":true,"href":"https:\/\/anprotec.org.br\/site\/wp-json\/wp\/v2\/calendar?post=31538"}],"curies":[{"name":"wp","href":"https:\/\/api.w.org\/{rel}","templated":true}]}}