{"id":31500,"date":"2020-03-18T15:22:55","date_gmt":"2020-03-18T18:22:55","guid":{"rendered":"https:\/\/anprotec.org.br\/site\/?p=31500"},"modified":"2025-02-28T16:43:42","modified_gmt":"2025-02-28T19:43:42","slug":"rnp-divulga-edital-de-pesquisa-desenvolvimento-2020","status":"publish","type":"post","link":"https:\/\/anprotec.org.br\/site\/2020\/03\/rnp-divulga-edital-de-pesquisa-desenvolvimento-2020\/","title":{"rendered":"RNP divulga Edital de Pesquisa &amp; Desenvolvimento 2020"},"content":{"rendered":"<p>A RNP, parceira da Anprotec, lan\u00e7ou hoje (17\/3) o edital de Pesquisa &amp; Desenvolvimento de 2020, que selecionar\u00e1 projetos inovadores na \u00e1rea de Tecnologias da Inova\u00e7\u00e3o e das Comunica\u00e7\u00f5es (TIC) para serem desenvolvidos. Pesquisadores de institui\u00e7\u00f5es p\u00fablicas e privadas e integrantes de startups poder\u00e3o submeter suas propostas at\u00e9 16\/4. Elas ser\u00e3o analisadas e avaliadas at\u00e9 1\u00ba\/6 e eventuais d\u00favidas ser\u00e3o esclarecidas junto aos proponentes.<\/p>\n<p>Desde 2002, a RNP vem aprimorando sua gest\u00e3o de programas de P&amp;D, realizada por meio deste processo de inova\u00e7\u00e3o aberta. Os resultados alcan\u00e7ados ao longo destes anos s\u00e3o fruto da importante parceria com a comunidade acad\u00eamica. Assim como em 2019, o edital inclui o ecossistema de inova\u00e7\u00e3o na colabora\u00e7\u00e3o desse desenvolvimento, seja fomentando a cria\u00e7\u00e3o de novas startups (empresas nascentes) ou apoiando startups j\u00e1 existentes, juntamente com a comunidade acad\u00eamica.<\/p>\n<p>Neste edital, a RNP convida startups e empreendedores interessados em empreender em parceria com esta comunidade \u200bpara a cria\u00e7\u00e3o de um Produto Minimamente Vi\u00e1vel (do ingl\u00eas MVP, Minimum Viable Product) como principal resultado do projeto de P&amp;D&amp;I. Este MVP ser\u00e1 a base para a cria\u00e7\u00e3o de um novo produto ou servi\u00e7o, ou evolu\u00e7\u00e3o de um produto ou servi\u00e7o existente, para o Sistema RNP.<\/p>\n<p><a href=\"https:\/\/www.rnp.br\/editaldePeD2020\" target=\"_blank\" rel=\"noopener\"><strong>Conhe\u00e7a o edital\u00a0<\/strong><\/a><\/p>\n<p>\u201cCom este edital estamos queremos selecionar Grupos de Pesquisa e Startups que topem o desafio de uma entrega de valor mais r\u00e1pida junto com a RNP. O desafio ser\u00e1 produzirmos uma nova leva de produtos minimamente vi\u00e1veis (MVPs) atrav\u00e9s de uma gest\u00e3o e execu\u00e7\u00e3o mais \u00e1geis engajando os atores do Sistema RNP beneficiados e criando modelos de neg\u00f3cios inovadores fortalecendo cada parte do nosso sistema e o todo. Este lan\u00e7amento, \u00e9 um convite para todos os atores do ecossistema de inova\u00e7\u00e3o que acreditam no potencial-semente deste desenvolvimento em parceria com a academia. Ficamos muito felizes e somos gratos com a mobiliza\u00e7\u00e3o de toda a organiza\u00e7\u00e3o para fazermos diferente, aprendermos r\u00e1pido e incrementar nosso potencial de transforma\u00e7\u00e3o digital atrav\u00e9s dos GTs deste novo ciclo de P&amp;D&amp;I&#8221;, afirma o gerente de Pesquisa &amp; Desenvolvimento da RNP, Andr\u00e9 Marins.<\/p>\n<p>A RNP busca propostas que possam auxiliar na expans\u00e3o dos servi\u00e7os oferecidos pela rede e ser \u00fateis para a comunidade de usu\u00e1rios. Por isso, o edital incentiva a submiss\u00e3o de temas espec\u00edficos, com projetos nas \u00e1reas de Tecnologias da Informa\u00e7\u00e3o e Comunica\u00e7\u00e3o (TIC) aplicadas \u00e0 Educa\u00e7\u00e3o, TICs aplicadas \u00e0 Sa\u00fade, Ciberseguran\u00e7a, Servi\u00e7os Inteligentes ligados ao Monitoramento e Medi\u00e7\u00f5es da Rede, Gest\u00e3o de Identidade, al\u00e9m de Infraestruturas e Aplica\u00e7\u00f5es para campi universit\u00e1rios.<\/p>\n<p>Para esclarecer todos os pontos do edital e tirar as d\u00favidas que, porventura, surgirem a RNP realizar\u00e1 duas webconfer\u00eancias:<\/p>\n<ul>\n<li><strong>23\/3 (segunda-feira) \u2013 10h \u00e0s 12h;<\/strong><\/li>\n<li><strong>31\/3 (ter\u00e7a-feira) \u2013 10h \u00e0s 12h.<\/strong><\/li>\n<\/ul>\n<p>Local:\u00a0<a href=\"https:\/\/conferenciaweb.rnp.br\/webconf\/ggt-rnp\">https:\/\/conferenciaweb.rnp.br\/webconf\/ggt-rnp<\/a><\/p>\n","protected":false},"excerpt":{"rendered":"<p>A RNP, parceira da Anprotec, lan\u00e7ou hoje (17\/3) o edital<span class=\"excerpt-hellip\"> [\u2026]<\/span><\/p>\n","protected":false},"author":8,"featured_media":31501,"comment_status":"closed","ping_status":"closed","sticky":false,"template":"","format":"standard","meta":{"footnotes":"","_links_to":"","_links_to_target":""},"categories":[3,414],"tags":[],"calendar":[],"_links":{"self":[{"href":"https:\/\/anprotec.org.br\/site\/wp-json\/wp\/v2\/posts\/31500"}],"collection":[{"href":"https:\/\/anprotec.org.br\/site\/wp-json\/wp\/v2\/posts"}],"about":[{"href":"https:\/\/anprotec.org.br\/site\/wp-json\/wp\/v2\/types\/post"}],"author":[{"embeddable":true,"href":"https:\/\/anprotec.org.br\/site\/wp-json\/wp\/v2\/users\/8"}],"replies":[{"embeddable":true,"href":"https:\/\/anprotec.org.br\/site\/wp-json\/wp\/v2\/comments?post=31500"}],"version-history":[{"count":3,"href":"https:\/\/anprotec.org.br\/site\/wp-json\/wp\/v2\/posts\/31500\/revisions"}],"predecessor-version":[{"id":31505,"href":"https:\/\/anprotec.org.br\/site\/wp-json\/wp\/v2\/posts\/31500\/revisions\/31505"}],"wp:featuredmedia":[{"embeddable":true,"href":"https:\/\/anprotec.org.br\/site\/wp-json\/wp\/v2\/media\/31501"}],"wp:attachment":[{"href":"https:\/\/anprotec.org.br\/site\/wp-json\/wp\/v2\/media?parent=31500"}],"wp:term":[{"taxonomy":"category","embeddable":true,"href":"https:\/\/anprotec.org.br\/site\/wp-json\/wp\/v2\/categories?post=31500"},{"taxonomy":"post_tag","embeddable":true,"href":"https:\/\/anprotec.org.br\/site\/wp-json\/wp\/v2\/tags?post=31500"},{"taxonomy":"calendar","embeddable":true,"href":"https:\/\/anprotec.org.br\/site\/wp-json\/wp\/v2\/calendar?post=31500"}],"curies":[{"name":"wp","href":"https:\/\/api.w.org\/{rel}","templated":true}]}}