{"id":31187,"date":"2020-01-23T10:46:54","date_gmt":"2020-01-23T13:46:54","guid":{"rendered":"http:\/\/anprotec.org.br\/site\/?p=31187"},"modified":"2025-02-28T16:53:34","modified_gmt":"2025-02-28T19:53:34","slug":"porto-digital-abre-superchamada-de-empreendedorismo","status":"publish","type":"post","link":"https:\/\/anprotec.org.br\/site\/2020\/01\/porto-digital-abre-superchamada-de-empreendedorismo\/","title":{"rendered":"Porto Digital abre Superchamada de empreendedorismo"},"content":{"rendered":"<p style=\"text-align: center\"><em>Vagas contemplam os programas: Mind The Biz, Mind The MINAs e Incuba\u00e7\u00e3o<\/em><\/p>\n<p>Aqueles que j\u00e1 empreendem ou querem dar in\u00edcio a uma ideia de neg\u00f3cio j\u00e1 podem se inscrever na Superchamada para todos os programas de empreendedorismo do Porto Digital &#8211; parque tecnol\u00f3gico associado \u00e0 Anprotec.<\/p>\n<p>Em sua segunda edi\u00e7\u00e3o, a convoca\u00e7\u00e3o abrange o Mind The Bizz, Mind The MINAs e a Incuba\u00e7\u00e3o. As inscri\u00e7\u00f5es j\u00e1 est\u00e3o dispon\u00edveis em: <a href=\"https:\/\/app.pipefy.com\/public\/form\/1Tdj8Wv5\" target=\"_blank\" rel=\"noopener\">http:\/\/bit.ly\/PD_Inscricao-Empreendedorismo<\/a><\/p>\n<p>Pela segunda vez, a primeira foi aberta no segundo semestre de 2019, a Superchamada abrange o Mind The Bizz, programa para amadurecer ideias de novos neg\u00f3cios em parceria com o Sebrae-PE; o Mind The MINAs, que apoia o surgimento de novos neg\u00f3cios inovadores empreendidos por mulheres, por meio do programa Mulheres em Inova\u00e7\u00e3o, Neg\u00f3cios e Artes (MINAs), iniciativa de equidade de g\u00eanero do parque; e a Incuba\u00e7\u00e3o, que seleciona empresas em fase inicial com potencial de escalar suas solu\u00e7\u00f5es, produtos e servi\u00e7os.<\/p>\n<p>Em um pa\u00eds em que, aproximadamente, 39% da popula\u00e7\u00e3o economicamente ativa \u00e9 dona do pr\u00f3prio neg\u00f3cio, resultado que evidencia um crescente potencial empreendedor, a Superchamada tem como finalidade o fomento de ideias e empreendimentos em \u00e1reas como agroneg\u00f3cio, artes, educa\u00e7\u00e3o, cidades, com\u00e9rcio, design, entretenimento, finan\u00e7as, gest\u00e3o p\u00fablica, impacto social, ind\u00fastria, publicidade e sa\u00fade. Ainda assim, a comiss\u00e3o da sele\u00e7\u00e3o pode, a seu crit\u00e9rio, aceitar projetos de outros setores. &#8220;Para esta primeira chamada de 2020, queremos receber, aproximadamente, 32 novos neg\u00f3cios. \u00c9 sempre importante ter variedade de \u00e1reas de empreendimentos e diversidade de empreendedores. Queremos contemplar em todos os programas essas caracter\u00edsticas\u201d explica o presidente do Porto Digital, Pierre Lucena.<\/p>\n<p>A sele\u00e7\u00e3o para qualquer um dos programas \u00e9 composta por duas etapas. Na primeira, os interessados devem se inscrever at\u00e9 o dia<strong> 31 de janeiro<\/strong>.<\/p>\n<p>Ap\u00f3s a an\u00e1lise das propostas entre os dias 03 a 07 de fevereiro, ser\u00e3o pr\u00e9-selecionados empreendedores e empreendedoras que passar\u00e3o para o segundo momento, com entrevistas presenciais nos dias 13 e 14 de fevereiro.<\/p>\n<p>O resultado final ser\u00e1 divulgado no site e nas redes sociais do Porto Digital em 17 de fevereiro, com o kick off, ou seja, a abertura dos programas no dia 20 de fevereiro.<\/p>\n","protected":false},"excerpt":{"rendered":"<p>Vagas contemplam os programas: Mind The Biz, Mind The MINAs<span class=\"excerpt-hellip\"> [\u2026]<\/span><\/p>\n","protected":false},"author":10,"featured_media":31188,"comment_status":"closed","ping_status":"closed","sticky":false,"template":"","format":"standard","meta":{"footnotes":"","_links_to":"","_links_to_target":""},"categories":[415,3,383],"tags":[],"calendar":[],"_links":{"self":[{"href":"https:\/\/anprotec.org.br\/site\/wp-json\/wp\/v2\/posts\/31187"}],"collection":[{"href":"https:\/\/anprotec.org.br\/site\/wp-json\/wp\/v2\/posts"}],"about":[{"href":"https:\/\/anprotec.org.br\/site\/wp-json\/wp\/v2\/types\/post"}],"author":[{"embeddable":true,"href":"https:\/\/anprotec.org.br\/site\/wp-json\/wp\/v2\/users\/10"}],"replies":[{"embeddable":true,"href":"https:\/\/anprotec.org.br\/site\/wp-json\/wp\/v2\/comments?post=31187"}],"version-history":[{"count":1,"href":"https:\/\/anprotec.org.br\/site\/wp-json\/wp\/v2\/posts\/31187\/revisions"}],"predecessor-version":[{"id":31189,"href":"https:\/\/anprotec.org.br\/site\/wp-json\/wp\/v2\/posts\/31187\/revisions\/31189"}],"wp:featuredmedia":[{"embeddable":true,"href":"https:\/\/anprotec.org.br\/site\/wp-json\/wp\/v2\/media\/31188"}],"wp:attachment":[{"href":"https:\/\/anprotec.org.br\/site\/wp-json\/wp\/v2\/media?parent=31187"}],"wp:term":[{"taxonomy":"category","embeddable":true,"href":"https:\/\/anprotec.org.br\/site\/wp-json\/wp\/v2\/categories?post=31187"},{"taxonomy":"post_tag","embeddable":true,"href":"https:\/\/anprotec.org.br\/site\/wp-json\/wp\/v2\/tags?post=31187"},{"taxonomy":"calendar","embeddable":true,"href":"https:\/\/anprotec.org.br\/site\/wp-json\/wp\/v2\/calendar?post=31187"}],"curies":[{"name":"wp","href":"https:\/\/api.w.org\/{rel}","templated":true}]}}