{"id":297,"date":"2012-09-26T15:48:47","date_gmt":"2012-09-26T18:48:47","guid":{"rendered":"http:\/\/douglasdasilva.com.br\/clients\/anprotec\/?p=297"},"modified":"2012-10-18T15:52:32","modified_gmt":"2012-10-18T18:52:32","slug":"sessoes-plenarias-discutiram-temas-variados-no-seminario-nacional","status":"publish","type":"post","link":"https:\/\/anprotec.org.br\/site\/2012\/09\/sessoes-plenarias-discutiram-temas-variados-no-seminario-nacional\/","title":{"rendered":"Sess\u00f5es plen\u00e1rias abordaram temas variados no Semin\u00e1rio Nacional"},"content":{"rendered":"<p style=\"text-align: justify;\">Ao longo do Semin\u00e1rio Nacional, foram realizadas cinco sess\u00f5es plen\u00e1rias. Os eventos debateram temas variados e discutiram desde como os parques tecnol\u00f3gicos podem estimular o desenvolvimento de cidades criativas at\u00e9 como os habitats de inova\u00e7\u00e3o podem atuar na promo\u00e7\u00e3o da internacionaliza\u00e7\u00e3o de empresas.<\/p>\n<p style=\"text-align: justify;\">A sess\u00e3o plen\u00e1ria de abertura, que aconteceu no dia 19 de setembro, abordou o tema principal do evento: \u201cParques e Incubadoras: revelando e integrando novas rotas de desenvolvimento\u201d. A discuss\u00e3o foi moderada pela presidente da Anprotec, Francilene Garcia, e contou com a participa\u00e7\u00e3o do diretor-geral brasileiro da Itaipu Binacional, Jorge Samek; do coordenador da Intelig\u00eancia Competitiva da ABDI, Rog\u00e9rio Ara\u00fajo; do secret\u00e1rio de Inova\u00e7\u00e3o do Minist\u00e9rio do Desenvolvimento, Ind\u00fastria e Com\u00e9rcio Exterior (MDIC), Nelson Fujimoto; e do presidente da Finep, Glauco Arbix.<\/p>\n<p style=\"text-align: justify;\">Abordando como os parques e incubadoras podem se alinhar \u00e0s estrat\u00e9gias nacionais do pa\u00eds, o secret\u00e1rio de inova\u00e7\u00e3o do MDIC, Nelson Fujimoto, explicou a rela\u00e7\u00e3o que existe entre os ambientes de inova\u00e7\u00e3o e o Plano Brasil Maior. \u201cNada acontece internamente. Tudo acontece em um territ\u00f3rio e o parque tecnol\u00f3gico ajuda a consolidar essa vis\u00e3o de desenvolvimento regional. \u00c9 atrav\u00e9s deles que vamos desenvolver servi\u00e7os de ata qualidade e compet\u00eancia\u201d, analisou. Ele tamb\u00e9m destacou a import\u00e2ncia dos parques na atra\u00e7\u00e3o de centros de Pesquisa &amp; Desenvolvimento e na promo\u00e7\u00e3o do empreendedorismo inovador.<\/p>\n<p style=\"text-align: justify;\">J\u00e1 segunda sess\u00e3o plen\u00e1ria do evento, tamb\u00e9m realizada no dia 19, discutiu o assunto \u201cOpen Innovation: o papel das incubadoras de empresas e parques tecnol\u00f3gicos\u201d. A atividade foi mediada pelo vice-presidente da Anprotec, Jorge Audy, e teve a participa\u00e7\u00e3o de dois painelistas: Andr\u00e9 Saito, diretor t\u00e9cnico do Open Innovation Center Brasil, e Markus Will, pesquisador do Fraunhofer IPK. &#8220;Queremos jogar luz na caixa-preta da inova\u00e7\u00e3o&#8221;, disse Will. O pesquisador apontou que os parques e incubadoras podem ter como uma de suas fun\u00e7\u00f5es ajudar as organiza\u00e7\u00f5es instaladas neles a gerenciar seus ativos intang\u00edveis. \u201cO \u2018Intellectual Capital Statement\u2019 [m\u00e9todo desenvolvido pelo Fraunhofer] pode ser aplicado em clusters e, inclusive, em regi\u00f5es\u201d, afirmou.<\/p>\n<p style=\"text-align: justify;\">No dia 20 de setembro, ocorreram as tr\u00eas \u00faltimas sess\u00f5es plen\u00e1rias do Semin\u00e1rio. Uma delas discutiu o tema \u201cParque Tecnol\u00f3gico e cidades criativas: desafios e tend\u00eancias\u201d. Professor da Universidade Federal de Vi\u00e7osa (UFV), o arquiteto Paulo Tadeu Arantes foi um dos palestrantes e apresentou, na sess\u00e3o, diversos cases de cidades e regi\u00f5es que conseguiram se transformar a partir da criatividade e do desenvolvimento tecnol\u00f3gico. Um deles foi o de Bergen. Localizada na Noruega, a cidade \u00e9 uma das mais chuvosas do planeta. \u201cEles tamb\u00e9m s\u00e3o um polo tecnol\u00f3gico na Noruega e desenvolveram uma tecnologia de capta\u00e7\u00e3o de \u00e1gua que est\u00e1 sendo exportada para o resto da Europa\u201d, disse Arantes. Como exemplos de parques tecnol\u00f3gicos que trabalham com o conceito de Cidade Criativa, o professor citou os ambientes de inova\u00e7\u00e3o de Bilbao, na Espanha, e o Sapiens Parque, de Florian\u00f3polis.<\/p>\n<p style=\"text-align: justify;\">Discutindo o tema \u201cHabitats de inova\u00e7\u00e3o X Internacionaliza\u00e7\u00e3o de empresas: qual o caminho?\u201d, a quarta sess\u00e3o plen\u00e1ria do Semin\u00e1rio foi marcada pelo lan\u00e7amento de uma parceria com a European Business &amp; Innovation Centre Network (EBN) e a apresenta\u00e7\u00e3o de um modelo de acelera\u00e7\u00e3o internacional de neg\u00f3cios Inovadores \u2013 desenvolvido por Anprotec e Sebrae. Vera Barracho, da EBN, apresentou informa\u00e7\u00f5es gerais sobre a institui\u00e7\u00e3o, que hoje possui cerca de 250 membros de v\u00e1rios pa\u00edses do mundo, inclusive, de fora da Europa. Em sua apresenta\u00e7\u00e3o, a gerente destacou o Clube Soft Landing, a\u00e7\u00e3o piloto desenvolvida pela EBN. O projeto tem como objetivo criar uma rede parcerias e oferecer servi\u00e7os a empresas que queiram explorar novos mercados. A ideia \u00e9 que, no Brasil, a Anprotec atue como \u201cembaixadora\u201d do Soft Landing.<\/p>\n<p style=\"text-align: justify;\">Para concluir o Semin\u00e1rio, a \u00faltima sess\u00e3o plen\u00e1ria prop\u00f4s uma quest\u00e3o: qual \u00e9 o futuro do movimento nos pr\u00f3ximos 25 anos? Para discutir a pergunta, o debate reuniu quatro vis\u00f5es diferentes que integram o movimento de empreendedorismo inovador: a dos gestores dos ambientes de inova\u00e7\u00e3o, a dos empres\u00e1rios, a das universidades e a do governo. A presidente da Anprotec, Francilene Garcia, atuou como mediadora. \u201cPrecisamos ver o que est\u00e1 por vir em termos de modelo e sustentabilidade para os ambientes de inova\u00e7\u00e3o. Al\u00e9m disso, temos que ver o panorama mundial: que avan\u00e7os as incubadoras e parques de fora t\u00eam alcan\u00e7ado\u201d, disse.<\/p>\n<p style=\"text-align: justify;\">Encontre informa\u00e7\u00f5es mais detalhadas sobre as sess\u00f5es plen\u00e1rias <a href=\"http:\/\/www.seminarionacional.com.br\/2012\/idiomas\/noticias.php?topicos=nav\/noticias\">aqui<\/a>.<\/p>\n","protected":false},"excerpt":{"rendered":"<p>Os eventos abordaram desde como os parques tecnol\u00f3gicos podem estimular o desenvolvimento de cidades criativas at\u00e9 como os habitats de inova\u00e7\u00e3o podem atuar na promo\u00e7\u00e3o da internacionaliza\u00e7\u00e3o de empresas. <\/p>\n","protected":false},"author":8,"featured_media":0,"comment_status":"open","ping_status":"open","sticky":false,"template":"","format":"standard","meta":{"footnotes":"","_links_to":"","_links_to_target":""},"categories":[3],"tags":[10],"calendar":[],"_links":{"self":[{"href":"https:\/\/anprotec.org.br\/site\/wp-json\/wp\/v2\/posts\/297"}],"collection":[{"href":"https:\/\/anprotec.org.br\/site\/wp-json\/wp\/v2\/posts"}],"about":[{"href":"https:\/\/anprotec.org.br\/site\/wp-json\/wp\/v2\/types\/post"}],"author":[{"embeddable":true,"href":"https:\/\/anprotec.org.br\/site\/wp-json\/wp\/v2\/users\/8"}],"replies":[{"embeddable":true,"href":"https:\/\/anprotec.org.br\/site\/wp-json\/wp\/v2\/comments?post=297"}],"version-history":[{"count":4,"href":"https:\/\/anprotec.org.br\/site\/wp-json\/wp\/v2\/posts\/297\/revisions"}],"predecessor-version":[{"id":299,"href":"https:\/\/anprotec.org.br\/site\/wp-json\/wp\/v2\/posts\/297\/revisions\/299"}],"wp:attachment":[{"href":"https:\/\/anprotec.org.br\/site\/wp-json\/wp\/v2\/media?parent=297"}],"wp:term":[{"taxonomy":"category","embeddable":true,"href":"https:\/\/anprotec.org.br\/site\/wp-json\/wp\/v2\/categories?post=297"},{"taxonomy":"post_tag","embeddable":true,"href":"https:\/\/anprotec.org.br\/site\/wp-json\/wp\/v2\/tags?post=297"},{"taxonomy":"calendar","embeddable":true,"href":"https:\/\/anprotec.org.br\/site\/wp-json\/wp\/v2\/calendar?post=297"}],"curies":[{"name":"wp","href":"https:\/\/api.w.org\/{rel}","templated":true}]}}