{"id":295,"date":"2012-09-26T15:47:46","date_gmt":"2012-09-26T18:47:46","guid":{"rendered":"http:\/\/douglasdasilva.com.br\/clients\/anprotec\/?p=295"},"modified":"2012-10-18T15:54:17","modified_gmt":"2012-10-18T18:54:17","slug":"seminario-nacional-contou-com-a-participacao-de-cerca-de-800-pessoas","status":"publish","type":"post","link":"https:\/\/anprotec.org.br\/site\/2012\/09\/seminario-nacional-contou-com-a-participacao-de-cerca-de-800-pessoas\/","title":{"rendered":"Semin\u00e1rio Nacional contou com a participa\u00e7\u00e3o de cerca de 800 pessoas"},"content":{"rendered":"<p style=\"text-align: justify;\">O XXII Semin\u00e1rio Nacional de Parques Tecnol\u00f3gicos e Incubadoras de Empresas e XX Workshop Anprotec acabou no dia 21 de setembro. O evento, que teve como tema \u201cParques Tecnol\u00f3gicos e Incubadoras de Empresas: Revelando e Integrando Novas Rotas de Desenvolvimento\u201d, reuniu mais de 800 participantes no Parque Tecnol\u00f3gico Itaipu, em Foz do Igua\u00e7u, durante cinco dias.<\/p>\n<p style=\"text-align: justify;\">Os participantes eram origin\u00e1rios de diversos pa\u00edses, como M\u00e9xico, Mo\u00e7ambique, Equador, Col\u00f4mbia, Alemanha, B\u00e9lgica, Bol\u00edvia e Paraguai. No \u00e2mbito nacional, marcaram presen\u00e7a 25 estados da federa\u00e7\u00e3o. \u201cS\u00e3o n\u00fameros que nos remetem a come\u00e7armos a nos preocupar com o pr\u00f3ximo evento\u201d, disse a presidente da Anprotec, Francilene Garcia, na cerim\u00f4nia de encerramento do Semin\u00e1rio.<\/p>\n<p style=\"text-align: justify;\">Durante o evento, foram realizados quatro minicursos, o Seed Forum Finep Anprotec, dois workshops, cinco sess\u00f5es plen\u00e1rias, dentre outras atividades. O pr\u00f3ximo Semin\u00e1rio acontecer\u00e1 em Recife (PE), no Porto Digital, paralelamente \u00e0 30\u00aa Confer\u00eancia Mundial sobre Parques de Ci\u00eancia e Tecnologia da IASP. \u201cAssumimos o compromisso de que faremos um evento com a maior dedica\u00e7\u00e3o, para que seja um marco, como tem sido o Semin\u00e1rio em todos esses anos\u201d, afirmou o diretor-presidente do Porto Digital, Francisco Saboya, na sess\u00e3o de encerramento do Semin\u00e1rio Nacional.<\/p>\n","protected":false},"excerpt":{"rendered":"<p>Os participantes eram origin\u00e1rios de diversos pa\u00edses, como M\u00e9xico, Mo\u00e7ambique, Equador, Col\u00f4mbia, Alemanha, B\u00e9lgica, Bol\u00edvia e Paraguai. No \u00e2mbito nacional, marcaram presen\u00e7a 25 estados da federa\u00e7\u00e3o. <\/p>\n","protected":false},"author":8,"featured_media":0,"comment_status":"open","ping_status":"open","sticky":false,"template":"","format":"standard","meta":{"footnotes":"","_links_to":"","_links_to_target":""},"categories":[3],"tags":[10],"calendar":[],"_links":{"self":[{"href":"https:\/\/anprotec.org.br\/site\/wp-json\/wp\/v2\/posts\/295"}],"collection":[{"href":"https:\/\/anprotec.org.br\/site\/wp-json\/wp\/v2\/posts"}],"about":[{"href":"https:\/\/anprotec.org.br\/site\/wp-json\/wp\/v2\/types\/post"}],"author":[{"embeddable":true,"href":"https:\/\/anprotec.org.br\/site\/wp-json\/wp\/v2\/users\/8"}],"replies":[{"embeddable":true,"href":"https:\/\/anprotec.org.br\/site\/wp-json\/wp\/v2\/comments?post=295"}],"version-history":[{"count":2,"href":"https:\/\/anprotec.org.br\/site\/wp-json\/wp\/v2\/posts\/295\/revisions"}],"predecessor-version":[{"id":421,"href":"https:\/\/anprotec.org.br\/site\/wp-json\/wp\/v2\/posts\/295\/revisions\/421"}],"wp:attachment":[{"href":"https:\/\/anprotec.org.br\/site\/wp-json\/wp\/v2\/media?parent=295"}],"wp:term":[{"taxonomy":"category","embeddable":true,"href":"https:\/\/anprotec.org.br\/site\/wp-json\/wp\/v2\/categories?post=295"},{"taxonomy":"post_tag","embeddable":true,"href":"https:\/\/anprotec.org.br\/site\/wp-json\/wp\/v2\/tags?post=295"},{"taxonomy":"calendar","embeddable":true,"href":"https:\/\/anprotec.org.br\/site\/wp-json\/wp\/v2\/calendar?post=295"}],"curies":[{"name":"wp","href":"https:\/\/api.w.org\/{rel}","templated":true}]}}