{"id":292,"date":"2012-09-26T15:44:44","date_gmt":"2012-09-26T18:44:44","guid":{"rendered":"http:\/\/douglasdasilva.com.br\/clients\/anprotec\/?p=292"},"modified":"2012-10-18T16:01:02","modified_gmt":"2012-10-18T19:01:02","slug":"vencedores-comemoram-conquista-do-premio-nacional-de-empreendedorismo-inovador","status":"publish","type":"post","link":"https:\/\/anprotec.org.br\/site\/2012\/09\/vencedores-comemoram-conquista-do-premio-nacional-de-empreendedorismo-inovador\/","title":{"rendered":"Vencedores comemoram conquista do Pr\u00eamio Nacional de Empreendedorismo Inovador"},"content":{"rendered":"<p style=\"text-align: justify;\">Foram conhecidos, na noite desta quinta-feira (20), os vencedores da 16\u00aa edi\u00e7\u00e3o do Pr\u00eamio Nacional de Empreendedorismo Inovador, promovido pela Anprotec \u2013 Associa\u00e7\u00e3o Nacional de Entidades Promotoras de Empreendimentos Inovadores, com o apoio do Sebrae. A cerim\u00f4nia de premia\u00e7\u00e3o marcou o encerramento do XXII Semin\u00e1rio Nacional de Parques Tecnol\u00f3gicos e Incubadoras de Empresas, realizado nesta semana em Foz do Igua\u00e7u (PR).<\/p>\n<p style=\"text-align: justify;\">A incubadora da Coppe\/UFRJ foi duplamente premiada. A institui\u00e7\u00e3o carioca, criada em 1994, ficou em primeiro lugar na categoria \u201cMelhor incubadora de empresas orientadas para a gera\u00e7\u00e3o e uso intenso de tecnologias\u201d. Al\u00e9m disso, uma das empresas egressas da mesma incubadora, a Ambidados, recebeu o pr\u00eamio de \u201cMelhor Empresa Graduada\u201d. \u201cEsse pr\u00eamio, para n\u00f3s da Coppe, tem um sabor especial, porque foi criado quando eu era presidente da Anprotec. A nossa incubadora est\u00e1 completando 18 anos, estamos inseridos em um ambiente especial, em um campus grande e desenvolvemos um grande volume de pesquisa. Todo nosso ecossistema contribui para o desenvolvimento de novas empresas\u201d, disse Mauricio Guedes, diretor do Parque Tecnol\u00f3gico do Rio e da incubadora da Coppe\/UFRJ.<\/p>\n<p style=\"text-align: justify;\">A Ambidados, graduada na Coppe\/UFRJ, atua na presta\u00e7\u00e3o de servi\u00e7os de consultoria na \u00e1rea de instrumenta\u00e7\u00e3o oceanogr\u00e1fica e an\u00e1lise de dados oce\u00e2nicos, e tem como principal cliente a Petrobras. \u201cCriamos a empresa em 2006 e a incubadora da Coppe foi a primeira que nos abriu as portas. Sem eles n\u00e3o sei se estar\u00edamos aqui hoje. A Ambidados \u00e9 uma empresa inovadora, que atua em um mercado diferente, o de oceanografia f\u00edsica. Sa\u00edmos em mar\u00e7o da incubadora e agora estamos no Parque Tecnol\u00f3gico do Rio. Fomos aprovados em primeiro lugar no edital do parque\u201d, enfatizou a diretora da Ambidados, Wilsa Atella. Ainda na categoria \u201cMelhor empresa graduada\u201d, as empresas BioClone, de Eus\u00e9bio (CE), e Pandorga Tecnologia, de Porto Alegre (RS), ficaram em segundo e terceiro lugar, respectivamente.<\/p>\n<p style=\"text-align: justify;\">J\u00e1 o pr\u00eamio de \u201cMelhor incubadora de empresas orientada para o desenvolvimento local e setorial (DLS)\u201d ficou com o MIDI Tecnol\u00f3gico, de Florian\u00f3polis (SC). \u00c9 a segunda vez que a institui\u00e7\u00e3o, fundada em 1998, recebe a premia\u00e7\u00e3o. A primeira foi em 2008. \u201cHoje temos cerca de 60 empresas graduadas, de pequeno e m\u00e9dio porte. Algumas j\u00e1 foram investidas. O nosso diferencial \u00e9 a qualidade das empresas que colocamos no mercado. Somos fruto de uma uni\u00e3o bem-sucedida entre a Acate [Associa\u00e7\u00e3o Catarinense de Empresas de Tecnologia] e o Sebrae de Santa Catarina. Nossas empresas graduadas, ao sa\u00edrem da incubadora, continuam conosco, associadas\u201d, destacou a coordenadora do MIDI Tecnol\u00f3gico e diretora executiva da Acate. A incubadora tem capacidade para abrigar at\u00e9 15 empresas como residentes e oferece tamb\u00e9m uma modalidade para incuba\u00e7\u00e3o virtual, pela qual os empreendimentos n\u00e3o ficam instalados fisicamente na incubadora, mas recebem consultorias e aux\u00edlio para desenvolver seus neg\u00f3cios.<\/p>\n<p style=\"text-align: justify;\">Na categoria \u201cMelhor Empresa Incubada\u201d, a SBPA Simulators, incubada na Unidade de Inova\u00e7\u00e3o e Tecnologia da UNISINOS (Unitec), de S\u00e3o Leopoldo (RS), garantiu o primeiro lugar. Criado em 2008, o empreendimento atua na ind\u00fastria aeron\u00e1utica, no desenvolvimento de solu\u00e7\u00f5es e moderniza\u00e7\u00e3o para o ensino e treinamento aeron\u00e1utico no Brasil. Para o diretor da SBPA Simulators, Luciano Zoppo, a empresa re\u00fane uma s\u00e9rie de fatores que a coloca em posi\u00e7\u00e3o de destaque. \u201cEstar classificado entre as tr\u00eas melhores incubadas j\u00e1 era fant\u00e1stico pra n\u00f3s. Tivemos um excelente faturamento no \u00faltimo ano, boas interfaces de neg\u00f3cios com empresas da nossa incubadora, al\u00e9m de uma excelente gest\u00e3o\u201d, pontuou. \u201cA incubadora gera uma aura de bem-estar, de converg\u00eancia. Uma empresa de tecnologia que n\u00e3o est\u00e1 dentro de uma incubadora dificilmente consegue ter uma alta performance. L\u00e1 dentro isso muda, \u00e9 como se fosse um grande empurr\u00e3o\u201d, concluiu Zoppo. Em segundo e terceiro lugar, nessa categoria, ficaram as empresas Nanovetores e ChipUS Microeletr\u00f4nica, respectivamente \u2013 ambas de Florian\u00f3polis (SC).<\/p>\n<p style=\"text-align: justify;\">A Supera, Incubadora de Empresas de Base Tecnol\u00f3gica de Ribeir\u00e3o Preto (SP), foi a vencedora na categoria \u201cMelhor Projeto de Promo\u00e7\u00e3o da Cultura do Empreendedorismo Inovador (CEI)\u201d, na qual concorreu com o projeto Supera Educa, que tem foco na dissemina\u00e7\u00e3o da cultura empreendedora entre alunos do Ensino Fundamental, M\u00e9dio e Superior do munic\u00edpio. \u201cDesenvolvemos esse projeto h\u00e1 um ano. Incentivamos o empreendedorismo nas escolas, no Col\u00e9gio Marista, de Ribeir\u00e3o Preto (SP). N\u00f3s capacitamos os estudantes que submeteram planos de neg\u00f3cios. Escolhemos os melhores e criamos uma incubadora para atender esses projetos. Queremos que eles se transformem em empresas. Acho que a grande inova\u00e7\u00e3o do nosso projeto foi sair da universidade e trabalhar nas escolas, com adolescentes\u201d, avaliou o gerentes de Novos Neg\u00f3cios da Supera, Eduardo Cicconi.<\/p>\n<p style=\"text-align: justify;\">Ao todo, o Pr\u00eamio Nacional de Empreendedorismo Inovador 2012 recebeu 62 inscri\u00e7\u00f5es. A categoria mais concorrida foi a de \u201cMelhor empresa incubada\u201d, com 20 candidatos. Os vencedores ganharam trof\u00e9us, passagens para participar de viagem de estudos ou neg\u00f3cios e pr\u00eamio em dinheiro \u2013 que varia de R$ 5mil a R$ 15 mil, dependendo da categoria.<\/p>\n","protected":false},"excerpt":{"rendered":"<p>A cerim\u00f4nia de premia\u00e7\u00e3o marcou o encerramento do XXII Semin\u00e1rio Nacional de Parques Tecnol\u00f3gicos e Incubadoras de Empresas, realizado em Foz do Igua\u00e7u entre 17 e 21 de setembro.<\/p>\n","protected":false},"author":8,"featured_media":301,"comment_status":"open","ping_status":"open","sticky":false,"template":"","format":"standard","meta":{"footnotes":"","_links_to":"","_links_to_target":""},"categories":[3],"tags":[10],"calendar":[],"_links":{"self":[{"href":"https:\/\/anprotec.org.br\/site\/wp-json\/wp\/v2\/posts\/292"}],"collection":[{"href":"https:\/\/anprotec.org.br\/site\/wp-json\/wp\/v2\/posts"}],"about":[{"href":"https:\/\/anprotec.org.br\/site\/wp-json\/wp\/v2\/types\/post"}],"author":[{"embeddable":true,"href":"https:\/\/anprotec.org.br\/site\/wp-json\/wp\/v2\/users\/8"}],"replies":[{"embeddable":true,"href":"https:\/\/anprotec.org.br\/site\/wp-json\/wp\/v2\/comments?post=292"}],"version-history":[{"count":6,"href":"https:\/\/anprotec.org.br\/site\/wp-json\/wp\/v2\/posts\/292\/revisions"}],"predecessor-version":[{"id":422,"href":"https:\/\/anprotec.org.br\/site\/wp-json\/wp\/v2\/posts\/292\/revisions\/422"}],"wp:featuredmedia":[{"embeddable":true,"href":"https:\/\/anprotec.org.br\/site\/wp-json\/wp\/v2\/media\/301"}],"wp:attachment":[{"href":"https:\/\/anprotec.org.br\/site\/wp-json\/wp\/v2\/media?parent=292"}],"wp:term":[{"taxonomy":"category","embeddable":true,"href":"https:\/\/anprotec.org.br\/site\/wp-json\/wp\/v2\/categories?post=292"},{"taxonomy":"post_tag","embeddable":true,"href":"https:\/\/anprotec.org.br\/site\/wp-json\/wp\/v2\/tags?post=292"},{"taxonomy":"calendar","embeddable":true,"href":"https:\/\/anprotec.org.br\/site\/wp-json\/wp\/v2\/calendar?post=292"}],"curies":[{"name":"wp","href":"https:\/\/api.w.org\/{rel}","templated":true}]}}