{"id":28718,"date":"2019-05-06T15:39:58","date_gmt":"2019-05-06T18:39:58","guid":{"rendered":"http:\/\/anprotec.org.br\/site\/?p=28718"},"modified":"2020-04-10T14:45:46","modified_gmt":"2020-04-10T17:45:46","slug":"3o-encontro-internacional-de-empreendedorismo-e-inovacao-em-saude-esta-com-inscricoes-abertas","status":"publish","type":"post","link":"https:\/\/anprotec.org.br\/site\/2019\/05\/3o-encontro-internacional-de-empreendedorismo-e-inovacao-em-saude-esta-com-inscricoes-abertas\/","title":{"rendered":"3\u00ba Encontro Internacional de Empreendedorismo e Inova\u00e7\u00e3o em Sa\u00fade est\u00e1 com inscri\u00e7\u00f5es abertas"},"content":{"rendered":"<p>Est\u00e3o abertas as inscri\u00e7\u00f5es para a terceira edi\u00e7\u00e3o do Encontro Internacional de Empreendedorismo e Inova\u00e7\u00e3o em Sa\u00fade, que acontecer\u00e1 no dia 10 de setembro, em S\u00e3o Paulo.<\/p>\n<p>Realizado pelo Hospital Israelita Albert Einstein, o evento abordar\u00e1 temas relacionados \u00e0 inova\u00e7\u00e3o em sa\u00fade, com palestras e cases das principais refer\u00eancias nacionais e internacionais. Al\u00e9m disso, ter\u00e1 ainda a realiza\u00e7\u00e3o simult\u00e2nea do 9\u00ba Circuito Einstein de Startups, em que as startups selecionadas ter\u00e3o a oportunidade de expor suas solu\u00e7\u00f5es em um stand ou pitch para um p\u00fablico repleto de profissionais de sa\u00fade, investidores, empreendedores e inovadores ligados ao mercado nacional e internacional de sa\u00fade. Com curadoria da Eretz.bio, incubadora de startups do Einstein, o Circuito selecionar\u00e1 at\u00e9 14 startups.<\/p>\n<p>Na edi\u00e7\u00e3o anterior, o encontro contou com mais de 700 participantes, 200 startups, grandes ind\u00fastrias e centros de inova\u00e7\u00e3o em sa\u00fade do Brasil, Estados Unidos, Inglaterra, Fran\u00e7a e Argentina.<\/p>\n<p>Mais informa\u00e7\u00f5es dispon\u00edveis no <a href=\"https:\/\/encontroempreendedorismo.inovaeinstein.com.br\/\" target=\"_blank\" rel=\"noopener\">site<\/a>.<\/p>\n<p><img decoding=\"async\" loading=\"lazy\" class=\"wp-image-28719 aligncenter\" src=\"https:\/\/anprotec.org.br\/site\/wp-content\/uploads\/2019\/05\/APOIO-III-ENCONTRO-REDES_Prancheta-1.png\" alt=\"\" width=\"564\" height=\"564\" srcset=\"https:\/\/anprotec.org.br\/site\/wp-content\/uploads\/2019\/05\/APOIO-III-ENCONTRO-REDES_Prancheta-1.png 2048w, https:\/\/anprotec.org.br\/site\/wp-content\/uploads\/2019\/05\/APOIO-III-ENCONTRO-REDES_Prancheta-1-300x300.png 300w, https:\/\/anprotec.org.br\/site\/wp-content\/uploads\/2019\/05\/APOIO-III-ENCONTRO-REDES_Prancheta-1-768x768.png 768w, https:\/\/anprotec.org.br\/site\/wp-content\/uploads\/2019\/05\/APOIO-III-ENCONTRO-REDES_Prancheta-1-1024x1024.png 1024w, https:\/\/anprotec.org.br\/site\/wp-content\/uploads\/2019\/05\/APOIO-III-ENCONTRO-REDES_Prancheta-1-146x146.png 146w, https:\/\/anprotec.org.br\/site\/wp-content\/uploads\/2019\/05\/APOIO-III-ENCONTRO-REDES_Prancheta-1-50x50.png 50w, https:\/\/anprotec.org.br\/site\/wp-content\/uploads\/2019\/05\/APOIO-III-ENCONTRO-REDES_Prancheta-1-75x75.png 75w, https:\/\/anprotec.org.br\/site\/wp-content\/uploads\/2019\/05\/APOIO-III-ENCONTRO-REDES_Prancheta-1-85x85.png 85w, https:\/\/anprotec.org.br\/site\/wp-content\/uploads\/2019\/05\/APOIO-III-ENCONTRO-REDES_Prancheta-1-80x80.png 80w\" sizes=\"(max-width: 564px) 100vw, 564px\" \/><\/p>\n<p>&nbsp;<\/p>\n","protected":false},"excerpt":{"rendered":"<p>Est\u00e3o abertas as inscri\u00e7\u00f5es para a terceira edi\u00e7\u00e3o do Encontro<span class=\"excerpt-hellip\"> [\u2026]<\/span><\/p>\n","protected":false},"author":10,"featured_media":28720,"comment_status":"closed","ping_status":"closed","sticky":false,"template":"","format":"standard","meta":{"footnotes":"","_links_to":"","_links_to_target":""},"categories":[3],"tags":[],"calendar":[],"_links":{"self":[{"href":"https:\/\/anprotec.org.br\/site\/wp-json\/wp\/v2\/posts\/28718"}],"collection":[{"href":"https:\/\/anprotec.org.br\/site\/wp-json\/wp\/v2\/posts"}],"about":[{"href":"https:\/\/anprotec.org.br\/site\/wp-json\/wp\/v2\/types\/post"}],"author":[{"embeddable":true,"href":"https:\/\/anprotec.org.br\/site\/wp-json\/wp\/v2\/users\/10"}],"replies":[{"embeddable":true,"href":"https:\/\/anprotec.org.br\/site\/wp-json\/wp\/v2\/comments?post=28718"}],"version-history":[{"count":1,"href":"https:\/\/anprotec.org.br\/site\/wp-json\/wp\/v2\/posts\/28718\/revisions"}],"predecessor-version":[{"id":28721,"href":"https:\/\/anprotec.org.br\/site\/wp-json\/wp\/v2\/posts\/28718\/revisions\/28721"}],"wp:featuredmedia":[{"embeddable":true,"href":"https:\/\/anprotec.org.br\/site\/wp-json\/wp\/v2\/media\/28720"}],"wp:attachment":[{"href":"https:\/\/anprotec.org.br\/site\/wp-json\/wp\/v2\/media?parent=28718"}],"wp:term":[{"taxonomy":"category","embeddable":true,"href":"https:\/\/anprotec.org.br\/site\/wp-json\/wp\/v2\/categories?post=28718"},{"taxonomy":"post_tag","embeddable":true,"href":"https:\/\/anprotec.org.br\/site\/wp-json\/wp\/v2\/tags?post=28718"},{"taxonomy":"calendar","embeddable":true,"href":"https:\/\/anprotec.org.br\/site\/wp-json\/wp\/v2\/calendar?post=28718"}],"curies":[{"name":"wp","href":"https:\/\/api.w.org\/{rel}","templated":true}]}}