{"id":28708,"date":"2019-05-06T11:18:28","date_gmt":"2019-05-06T14:18:28","guid":{"rendered":"http:\/\/anprotec.org.br\/site\/?p=28708"},"modified":"2019-05-06T11:18:28","modified_gmt":"2019-05-06T14:18:28","slug":"programa-nexos-prorroga-prazo-de-inscricao-2","status":"publish","type":"post","link":"https:\/\/anprotec.org.br\/site\/2019\/05\/programa-nexos-prorroga-prazo-de-inscricao-2\/","title":{"rendered":"Programa Nexos prorroga prazo de inscri\u00e7\u00e3o"},"content":{"rendered":"<p style=\"text-align: center\"><em>O programa, que promove conex\u00e3o entre os pequenos, m\u00e9dios e grandes neg\u00f3cios, amplia prazo para o dia 30 de maio<\/em><\/p>\n<p><img decoding=\"async\" loading=\"lazy\" class=\"alignleft wp-image-27319 size-thumbnail\" src=\"https:\/\/anprotec.org.br\/site\/wp-content\/uploads\/2018\/11\/nexos-logo-270x160.jpg\" alt=\"nexos logo\" width=\"270\" height=\"160\" \/>O programa teve o prazo de inscri\u00e7\u00e3o ampliado, agora, com a ades\u00e3o do Minist\u00e9rio da Ci\u00eancia, Tecnologia, Inova\u00e7\u00e3o e Comunica\u00e7\u00e3o (MCTIC), que formalizou apoio institucional ao Nexos. O ingresso do Governo Federal amplia o alcance das iniciativas e confere mais robustez ao programa. &#8220;O Minist\u00e9rio \u00e9 respons\u00e1vel pela gest\u00e3o de tr\u00eas dos cinco instrumentos fiscais de apoio \u00e0 inova\u00e7\u00e3o priorizados no Nexos: Lei do Bem, Lei de Inform\u00e1tica e Rota 2030. Essa chancela mostra que a proposta de valor do Nexos est\u00e1 alinhada com os objetivos estrat\u00e9gicos do Governo&#8221;, explica o diretor t\u00e9cnico do Sebrae, Bruno Quick. &#8220;Para que possamos potencializar os resultados, optamos por estender o per\u00edodo de inscri\u00e7\u00e3o para as m\u00e9dias e grandes empresas interessados em participar&#8221;, afirma.<\/p>\n<p>Para o Secret\u00e1rio de Empreendedorismo e inova\u00e7\u00e3o no MCTIC, Paulo Alvim, o Nexos \u00e9 uma oportunidade para o mercado, ganha a pequena empresa, mas tamb\u00e9m a m\u00e9dia e a grande que entrarem no programa. \u201cO Nexos est\u00e1 atendendo a uma tend\u00eancia de mercado, onde cada vez mais o P&amp;D pode ser terceirizado, permitindo inclusive oxigenar o neg\u00f3cio de forma inovadora\u201d, acrescenta.<\/p>\n<p>Para a superintendente da Anprotec, Sheila Pires, ter o MCTIC como parceiro institucional do Nexos agrega um valor muito grande ao programa, j\u00e1 que a chegada do Minist\u00e9rio mostra que o governo entende que o programa \u00e9 relevante e pode contribuir de forma eficaz com a competitividade e a produtividade, transformando as empresas brasileiras em inovadoras e competitivas internacionalmente. &#8220;A chegada do MCTIC \u00e9 muito ben\u00e9fica, pois traz um peso institucional muito importante, mostrando que o programa est\u00e1 alinhado com a atual proposta do governo, aumentando ainda mais o respaldo para as empresas participantes, e intensificando a parceria entre a Anprotec, o Sebrae e o governo&#8221;, destacou Sheila.<\/p>\n<p>O programa j\u00e1 conta com mais de 50 ambientes de inova\u00e7\u00e3o para o suporte t\u00e9cnico e gerencial aos pequenos neg\u00f3cios inovadores, oferecendo infraestrutura operacional, al\u00e9m de mentorias e qualifica\u00e7\u00e3o para o correto desenvolvimento das tecnologias que ser\u00e3o contempladas no \u00e2mbito do programa.\u00a0\u00a0<a href=\"https:\/\/anprotec.org.br\/site\/wp-content\/uploads\/2019\/04\/Lista-de-incubadoras-e-aceleradoras-credenciadas-pelo-Nexos.pdf\" target=\"_blank\" rel=\"noopener\">Clique aqui e confira a lista dos ambientes de inova\u00e7\u00e3o credenciados pelo programa.\u00a0<\/a><\/p>\n<p>Uma delas \u00e9 a Biominas, localizada em Belo Horizonte, que trabalha na \u00e1rea de biotecnologia. &#8220;O Programa Nexos tem uma proposta de valor diferenciada e para a Biominas \u00e9 muito bom participar desse movimento&#8221;, afirma Tatiana Maria Loiola Silva, da incubadora mineira. A inten\u00e7\u00e3o, segundo ela, \u00e9 trabalhar na \u00e1rea voltada para as ci\u00eancias da vida e com biodiesel. J\u00e1 Filipe Pessoa, do Cesar &#8211; Centro de Estudos e Sistemas Avan\u00e7ados de Recife, aceleradora qualificada para participar do Nexos, est\u00e1 confiante nos resultados que est\u00e3o porvir. &#8220;Nossa compet\u00eancia tecnol\u00f3gica pode gerar diferenciais sustent\u00e1veis para as startups contempladas&#8221;.<\/p>\n<p><strong>Nexos<\/strong><br \/>\nO objetivo do programa Nexos \u00e9 contribuir para a inova\u00e7\u00e3o aberta e amplia\u00e7\u00e3o da competitividade empresarial dos pequenos neg\u00f3cios por meio do aperfei\u00e7oamento de tecnologias emergentes, desenvolvimento de novos produtos, processos e modelos de neg\u00f3cios. Al\u00e9m disso, a proposta \u00e9 tamb\u00e9m fomentar o uso de recursos fiscais de apoio \u00e0 inova\u00e7\u00e3o a partir da aproxima\u00e7\u00e3o entre as startups inovadoras e m\u00e9dias e grandes empresas, al\u00e9m de fortalecer o papel dos ambientes de inova\u00e7\u00e3o no processo de prepara\u00e7\u00e3o e capacita\u00e7\u00e3o dos pequenos neg\u00f3cios. &#8220;Um dos principais diferenciais do Nexos \u00e9 assessorar as empresas em como enquadrar seus investimentos nos instrumentos fiscais&#8221;, explica Krishna Faria, analista do Sebrae.<\/p>\n<p>Os investimentos nas startups pelas m\u00e9dias e grandes empresas ser\u00e3o realizados em escala vari\u00e1vel de R$ 100 mil at\u00e9 R$ 250 mil por projeto dedicado de Pesquisa, Desenvolvimento e Inova\u00e7\u00e3o (PD&amp;I), j\u00e1 inclusas as taxas administrativas e impostos de qualquer natureza. Os valores podem sofrer altera\u00e7\u00f5es mediante solicita\u00e7\u00e3o e justificativa da empresa patrocinadora. Mais informa\u00e7\u00f5es em <a href=\"http:\/\/sebrae.com.br\/nexos\" target=\"_blank\" rel=\"noopener\">sebrae.com.br\/nexos<\/a><\/p>\n<p>&nbsp;<\/p>\n","protected":false},"excerpt":{"rendered":"<p>O programa, que promove conex\u00e3o entre os pequenos, m\u00e9dios e<span class=\"excerpt-hellip\"> [\u2026]<\/span><\/p>\n","protected":false},"author":10,"featured_media":27319,"comment_status":"closed","ping_status":"closed","sticky":false,"template":"","format":"standard","meta":{"footnotes":"","_links_to":"","_links_to_target":""},"categories":[3],"tags":[],"calendar":[],"_links":{"self":[{"href":"https:\/\/anprotec.org.br\/site\/wp-json\/wp\/v2\/posts\/28708"}],"collection":[{"href":"https:\/\/anprotec.org.br\/site\/wp-json\/wp\/v2\/posts"}],"about":[{"href":"https:\/\/anprotec.org.br\/site\/wp-json\/wp\/v2\/types\/post"}],"author":[{"embeddable":true,"href":"https:\/\/anprotec.org.br\/site\/wp-json\/wp\/v2\/users\/10"}],"replies":[{"embeddable":true,"href":"https:\/\/anprotec.org.br\/site\/wp-json\/wp\/v2\/comments?post=28708"}],"version-history":[{"count":1,"href":"https:\/\/anprotec.org.br\/site\/wp-json\/wp\/v2\/posts\/28708\/revisions"}],"predecessor-version":[{"id":28709,"href":"https:\/\/anprotec.org.br\/site\/wp-json\/wp\/v2\/posts\/28708\/revisions\/28709"}],"wp:featuredmedia":[{"embeddable":true,"href":"https:\/\/anprotec.org.br\/site\/wp-json\/wp\/v2\/media\/27319"}],"wp:attachment":[{"href":"https:\/\/anprotec.org.br\/site\/wp-json\/wp\/v2\/media?parent=28708"}],"wp:term":[{"taxonomy":"category","embeddable":true,"href":"https:\/\/anprotec.org.br\/site\/wp-json\/wp\/v2\/categories?post=28708"},{"taxonomy":"post_tag","embeddable":true,"href":"https:\/\/anprotec.org.br\/site\/wp-json\/wp\/v2\/tags?post=28708"},{"taxonomy":"calendar","embeddable":true,"href":"https:\/\/anprotec.org.br\/site\/wp-json\/wp\/v2\/calendar?post=28708"}],"curies":[{"name":"wp","href":"https:\/\/api.w.org\/{rel}","templated":true}]}}