{"id":28664,"date":"2019-05-02T17:57:27","date_gmt":"2019-05-02T20:57:27","guid":{"rendered":"http:\/\/anprotec.org.br\/site\/?p=28664"},"modified":"2019-05-02T17:57:27","modified_gmt":"2019-05-02T20:57:27","slug":"fintechs-vinculadas-a-ambientes-nacionais-da-rede-land2land-participam-de-missao-internacional-na-india","status":"publish","type":"post","link":"https:\/\/anprotec.org.br\/site\/2019\/05\/fintechs-vinculadas-a-ambientes-nacionais-da-rede-land2land-participam-de-missao-internacional-na-india\/","title":{"rendered":"Fintechs vinculadas a ambientes nacionais da rede land2land participam de Miss\u00e3o internacional na \u00cdndia"},"content":{"rendered":"<p>Na \u00faltima semana aconteceu a Miss\u00e3o Fintech Brasil-\u00cdndia 2019, realizada pela Embaixada do Brasil em Nova Delhi. Com o apoio da rede global j\u00e1 consolidada pelo programa de internacionaliza\u00e7\u00e3o land2land (uma iniciativa conjunta da Anprotec, da ApexBrasil e do Sebrae), representantes de fintechs vinculados a ambientes nacionais &#8211; integrantes da rede land2land &#8211; foram selecionados para conhecer o ecossistema indiano no setor.<\/p>\n<p>Duas\u00a0<em>fintechs<\/em>\u00a0do Parque de S\u00e3o Jos\u00e9 dos Campos, associado \u00e0 Anprotec e integrante da rede land2land, Allgoo e Trackcash, foram escolhidas para participar da miss\u00e3o, tendo suas despesas de passagem e hospedagem custeadas pela Embaixada.<\/p>\n<p>Fizeram parte do processo de sele\u00e7\u00e3o, representantes brasileiros de\u00a0<em>fintechs<\/em>\u00a0que obtiveram \u00eaxito no mercado nacional, que possuem ambi\u00e7\u00e3o internacional, e que atuam nas sub-\u00e1reas de pagamento digital, cr\u00e9dito, criptomoedas, investimentos e seguros.<\/p>\n<p>A miss\u00e3o incluiu a participa\u00e7\u00e3o na &#8220;<em>I India-Brazil Fintech Conference<\/em>&#8220;, que foi realizada na cidade de Mumbai, na \u00faltima ter\u00e7a-feira (23). O evento reuniu representantes da \u00e1rea de tecnologia financeira do Brasil e da \u00cdndia e compreendeu apresenta\u00e7\u00f5es de autoridades governamentais, representantes de startups e gerentes de incubadoras.<\/p>\n<p>Durante o evento foram realizados pain\u00e9is tem\u00e1ticos sobre diversos temas associados \u00e0s\u00a0<em>fintechs<\/em>, incluindo programas de inova\u00e7\u00e3o, tecnologias emergentes, ambientes regulat\u00f3rios e mercados de investimentos.<\/p>\n<p>Em conjunto \u00e0 confer\u00eancia foram realizadas visitas \u00e0s empresas, como\u00a0<em>PayTM<\/em>,\u00a0<em>YES Bank<\/em>, aceleradoras e \u00f3rg\u00e3os governamentais, como\u00a0<em>Reserve Bank of \u00cdndia<\/em>,\u00a0<em>State Bank of India<\/em>, Minist\u00e9rio das Finan\u00e7as, localizados em Mumbai e Nova Delhi.<\/p>\n<p>A miss\u00e3o teve como objetivo identificar e explorar as complementariedades entre os setores brasileiro e indiano no setor de\u00a0<em>fintechs.<\/em><\/p>\n","protected":false},"excerpt":{"rendered":"<p>Na \u00faltima semana aconteceu a Miss\u00e3o Fintech Brasil-\u00cdndia 2019, realizada<span class=\"excerpt-hellip\"> [\u2026]<\/span><\/p>\n","protected":false},"author":10,"featured_media":28665,"comment_status":"closed","ping_status":"closed","sticky":false,"template":"","format":"standard","meta":{"footnotes":"","_links_to":"","_links_to_target":""},"categories":[3],"tags":[],"calendar":[],"_links":{"self":[{"href":"https:\/\/anprotec.org.br\/site\/wp-json\/wp\/v2\/posts\/28664"}],"collection":[{"href":"https:\/\/anprotec.org.br\/site\/wp-json\/wp\/v2\/posts"}],"about":[{"href":"https:\/\/anprotec.org.br\/site\/wp-json\/wp\/v2\/types\/post"}],"author":[{"embeddable":true,"href":"https:\/\/anprotec.org.br\/site\/wp-json\/wp\/v2\/users\/10"}],"replies":[{"embeddable":true,"href":"https:\/\/anprotec.org.br\/site\/wp-json\/wp\/v2\/comments?post=28664"}],"version-history":[{"count":2,"href":"https:\/\/anprotec.org.br\/site\/wp-json\/wp\/v2\/posts\/28664\/revisions"}],"predecessor-version":[{"id":28667,"href":"https:\/\/anprotec.org.br\/site\/wp-json\/wp\/v2\/posts\/28664\/revisions\/28667"}],"wp:featuredmedia":[{"embeddable":true,"href":"https:\/\/anprotec.org.br\/site\/wp-json\/wp\/v2\/media\/28665"}],"wp:attachment":[{"href":"https:\/\/anprotec.org.br\/site\/wp-json\/wp\/v2\/media?parent=28664"}],"wp:term":[{"taxonomy":"category","embeddable":true,"href":"https:\/\/anprotec.org.br\/site\/wp-json\/wp\/v2\/categories?post=28664"},{"taxonomy":"post_tag","embeddable":true,"href":"https:\/\/anprotec.org.br\/site\/wp-json\/wp\/v2\/tags?post=28664"},{"taxonomy":"calendar","embeddable":true,"href":"https:\/\/anprotec.org.br\/site\/wp-json\/wp\/v2\/calendar?post=28664"}],"curies":[{"name":"wp","href":"https:\/\/api.w.org\/{rel}","templated":true}]}}