{"id":28045,"date":"2019-02-08T16:52:30","date_gmt":"2019-02-08T18:52:30","guid":{"rendered":"http:\/\/anprotec.org.br\/site\/?p=28045"},"modified":"2020-04-10T14:46:17","modified_gmt":"2020-04-10T17:46:17","slug":"inscricoes-no-edital-pnud-para-selecao-de-aceleradoras-de-negocios-de-impacto-sao-prorrogadas-ate-15-02","status":"publish","type":"post","link":"https:\/\/anprotec.org.br\/site\/2019\/02\/inscricoes-no-edital-pnud-para-selecao-de-aceleradoras-de-negocios-de-impacto-sao-prorrogadas-ate-15-02\/","title":{"rendered":"Inscri\u00e7\u00f5es no edital PNUD para sele\u00e7\u00e3o de aceleradoras de neg\u00f3cios de impacto s\u00e3o prorrogadas"},"content":{"rendered":"<p><img decoding=\"async\" loading=\"lazy\" class=\"size-medium wp-image-28046 alignleft\" src=\"https:\/\/anprotec.org.br\/site\/wp-content\/uploads\/2019\/02\/pnud-300x200.jpeg\" alt=\"\" width=\"300\" height=\"200\" srcset=\"https:\/\/anprotec.org.br\/site\/wp-content\/uploads\/2019\/02\/pnud-300x200.jpeg 300w, https:\/\/anprotec.org.br\/site\/wp-content\/uploads\/2019\/02\/pnud-768x512.jpeg 768w, https:\/\/anprotec.org.br\/site\/wp-content\/uploads\/2019\/02\/pnud-1024x682.jpeg 1024w, https:\/\/anprotec.org.br\/site\/wp-content\/uploads\/2019\/02\/pnud-219x146.jpeg 219w, https:\/\/anprotec.org.br\/site\/wp-content\/uploads\/2019\/02\/pnud-50x33.jpeg 50w, https:\/\/anprotec.org.br\/site\/wp-content\/uploads\/2019\/02\/pnud-113x75.jpeg 113w, https:\/\/anprotec.org.br\/site\/wp-content\/uploads\/2019\/02\/pnud.jpeg 1280w\" sizes=\"(max-width: 300px) 100vw, 300px\" \/>As inscri\u00e7\u00f5es para as aceleradoras de neg\u00f3cios de impacto que desejam participar do edital PNUD para o Projeto\u00a0&#8220;Humanize: Fortalecimento do ecossistema de investimento social privado e de neg\u00f3cios de impacto no Brasil&#8221; foram prorrogadas at\u00e9 o dia 15 de fevereiro.<\/p>\n<p>O projeto de coopera\u00e7\u00e3o t\u00e9cnica internacional tem o objetivo de fortalecer o ecossistema de investimento social privado e de neg\u00f3cios de impacto no Brasil.<\/p>\n<p>Atualmente, o PNUD est\u00e1 pilotando um<i>\u00a0blended fund<\/i>\u00a0por meio do\u00a0<i>Social Prosperity Impact Fund<\/i>, com o intuito de direcionar investimentos de m\u00faltiplos atores e setores \u2013 filantr\u00f3picos, empresas, governos e investidores de modo geral \u2013 aos neg\u00f3cios de impacto. O fundo, cujo lan\u00e7amento est\u00e1 previsto para mar\u00e7o de 2019, est\u00e1 sendo arquitetado de maneira participativa, tendo em seu desenho um amplo processo de cocria\u00e7\u00e3o com atores ligados ao setor de investimento de impacto no pa\u00eds.<\/p>\n<p>De acordo com a gerente de Parcerias para o Setor Privado do PNUD, Luciana Aguiar, \u00e9 nesse contexto que se insere a sele\u00e7\u00e3o p\u00fablica, que tem como finalidade testar o modelo de apoio para neg\u00f3cios de impacto para desenvolver novos mecanismos de investimento e financiamento, especialmente no est\u00e1gio inicial e de tra\u00e7\u00e3o das empresas. &#8220;A ideia \u00e9 que esse acesso capital possa potencializar o impacto social e ambiental dos neg\u00f3cios que atuam na regi\u00e3o amaz\u00f4nica&#8221;.<\/p>\n<p>Para a sele\u00e7\u00e3o, ser\u00e3o consideradas eleg\u00edveis organiza\u00e7\u00f5es da sociedade civil, sem fins lucrativos, que comprovadamente atuem no desenvolvimento e apoio a programas de pr\u00e9-acelera\u00e7\u00e3o, de acelera\u00e7\u00e3o e\/ou de investimento financeiro personalizado, organizados por meio de chamada p\u00fablica, para impulsionar neg\u00f3cios sustent\u00e1veis na regi\u00e3o amaz\u00f4nica.<\/p>\n<p>As propostas de trabalho dever\u00e3o ser apresentadas ao PNUD at\u00e9 as 23h59 de 15 de fevereiro de 2019.\u00a0<a href=\"http:\/\/www.br.undp.org\/content\/dam\/brazil\/docs\/IniciativaIncluir\/Edital%2001%202019%20-%20Convoca%C3%A7ao%20Aceleradoras%20de%20impacto_Final_extens%C3%A3o%20de%20prazo%2015%20Fev.pdf\" target=\"_blank\" rel=\"noopener\">Clique aqui<\/a>\u00a0para conferir a \u00edntegra do edital.<\/p>\n","protected":false},"excerpt":{"rendered":"<p>As inscri\u00e7\u00f5es para as aceleradoras de neg\u00f3cios de impacto que<span class=\"excerpt-hellip\"> [\u2026]<\/span><\/p>\n","protected":false},"author":8,"featured_media":28046,"comment_status":"closed","ping_status":"closed","sticky":false,"template":"","format":"standard","meta":{"footnotes":"","_links_to":"","_links_to_target":""},"categories":[3],"tags":[],"calendar":[],"_links":{"self":[{"href":"https:\/\/anprotec.org.br\/site\/wp-json\/wp\/v2\/posts\/28045"}],"collection":[{"href":"https:\/\/anprotec.org.br\/site\/wp-json\/wp\/v2\/posts"}],"about":[{"href":"https:\/\/anprotec.org.br\/site\/wp-json\/wp\/v2\/types\/post"}],"author":[{"embeddable":true,"href":"https:\/\/anprotec.org.br\/site\/wp-json\/wp\/v2\/users\/8"}],"replies":[{"embeddable":true,"href":"https:\/\/anprotec.org.br\/site\/wp-json\/wp\/v2\/comments?post=28045"}],"version-history":[{"count":2,"href":"https:\/\/anprotec.org.br\/site\/wp-json\/wp\/v2\/posts\/28045\/revisions"}],"predecessor-version":[{"id":28049,"href":"https:\/\/anprotec.org.br\/site\/wp-json\/wp\/v2\/posts\/28045\/revisions\/28049"}],"wp:featuredmedia":[{"embeddable":true,"href":"https:\/\/anprotec.org.br\/site\/wp-json\/wp\/v2\/media\/28046"}],"wp:attachment":[{"href":"https:\/\/anprotec.org.br\/site\/wp-json\/wp\/v2\/media?parent=28045"}],"wp:term":[{"taxonomy":"category","embeddable":true,"href":"https:\/\/anprotec.org.br\/site\/wp-json\/wp\/v2\/categories?post=28045"},{"taxonomy":"post_tag","embeddable":true,"href":"https:\/\/anprotec.org.br\/site\/wp-json\/wp\/v2\/tags?post=28045"},{"taxonomy":"calendar","embeddable":true,"href":"https:\/\/anprotec.org.br\/site\/wp-json\/wp\/v2\/calendar?post=28045"}],"curies":[{"name":"wp","href":"https:\/\/api.w.org\/{rel}","templated":true}]}}