{"id":27752,"date":"2018-12-21T12:05:13","date_gmt":"2018-12-21T14:05:13","guid":{"rendered":"http:\/\/anprotec.org.br\/site\/?p=27752"},"modified":"2018-12-21T12:05:13","modified_gmt":"2018-12-21T14:05:13","slug":"anprotec-retifica-edital-de-chamada-para-credenciamento-de-mais-entidades-certificadoras-do-cerne","status":"publish","type":"post","link":"https:\/\/anprotec.org.br\/site\/2018\/12\/anprotec-retifica-edital-de-chamada-para-credenciamento-de-mais-entidades-certificadoras-do-cerne\/","title":{"rendered":"Anprotec retifica edital de chamada para credenciamento de mais entidades certificadoras do Cerne"},"content":{"rendered":"<p><a href=\"https:\/\/anprotec.org.br\/site\/2018\/12\/cerne-lanca-edital-de-credenciamento-de-instituicoes-com-novas-diretrizes-e-reformulacao-de-processos\/\" target=\"_blank\" rel=\"noopener\"><img decoding=\"async\" loading=\"lazy\" class=\"alignleft size-thumbnail wp-image-26037\" src=\"https:\/\/anprotec.org.br\/site\/wp-content\/uploads\/2018\/08\/img-Cerne-270x160.jpg\" alt=\"\" width=\"270\" height=\"160\" \/>Lan\u00e7ado em 6 de dezembro<\/a>, durante o Caf\u00e9 da Manh\u00e3 Anprotec &amp; Parceiros, o\u00a0edital de Credenciamento de Institui\u00e7\u00f5es Certificadoras CERNE, que tem o objetivo de ampliar a base de entidades certificadoras e abrir a possibilidade para redes estatuais, passou por alguns ajustes ap\u00f3s a realiza\u00e7\u00e3o de um Webinar entre o coordenador de projetos da Anprotec, Carlos Eduardo Bizzotto e os associados da Anprotec.<\/p>\n<p>As inscri\u00e7\u00f5es devem ser feitas at\u00e9 14 de janeiro de 2019.<\/p>\n<p><a href=\"https:\/\/anprotec.org.br\/site\/wp-content\/uploads\/2018\/12\/20181220_Credenciamento_Cernificadoras_Final_validado_versao-retificada-MJO.pdf\" target=\"_blank\" rel=\"noopener\">Clique aqui e confira o edital retificado<\/a>!<\/p>\n<p>Em caso de d\u00favidas, entre em contato pelo e-mail:\u00a0<a href=\"mailto:cerne@anprotec.org.br\" target=\"_blank\" rel=\"noopener\">cerne@anprotec.org.br<\/a><\/p>\n","protected":false},"excerpt":{"rendered":"<p>Lan\u00e7ado em 6 de dezembro, durante o Caf\u00e9 da Manh\u00e3<span class=\"excerpt-hellip\"> [\u2026]<\/span><\/p>\n","protected":false},"author":10,"featured_media":26037,"comment_status":"closed","ping_status":"closed","sticky":false,"template":"","format":"standard","meta":{"footnotes":"","_links_to":"","_links_to_target":""},"categories":[3],"tags":[],"calendar":[],"_links":{"self":[{"href":"https:\/\/anprotec.org.br\/site\/wp-json\/wp\/v2\/posts\/27752"}],"collection":[{"href":"https:\/\/anprotec.org.br\/site\/wp-json\/wp\/v2\/posts"}],"about":[{"href":"https:\/\/anprotec.org.br\/site\/wp-json\/wp\/v2\/types\/post"}],"author":[{"embeddable":true,"href":"https:\/\/anprotec.org.br\/site\/wp-json\/wp\/v2\/users\/10"}],"replies":[{"embeddable":true,"href":"https:\/\/anprotec.org.br\/site\/wp-json\/wp\/v2\/comments?post=27752"}],"version-history":[{"count":1,"href":"https:\/\/anprotec.org.br\/site\/wp-json\/wp\/v2\/posts\/27752\/revisions"}],"predecessor-version":[{"id":27753,"href":"https:\/\/anprotec.org.br\/site\/wp-json\/wp\/v2\/posts\/27752\/revisions\/27753"}],"wp:featuredmedia":[{"embeddable":true,"href":"https:\/\/anprotec.org.br\/site\/wp-json\/wp\/v2\/media\/26037"}],"wp:attachment":[{"href":"https:\/\/anprotec.org.br\/site\/wp-json\/wp\/v2\/media?parent=27752"}],"wp:term":[{"taxonomy":"category","embeddable":true,"href":"https:\/\/anprotec.org.br\/site\/wp-json\/wp\/v2\/categories?post=27752"},{"taxonomy":"post_tag","embeddable":true,"href":"https:\/\/anprotec.org.br\/site\/wp-json\/wp\/v2\/tags?post=27752"},{"taxonomy":"calendar","embeddable":true,"href":"https:\/\/anprotec.org.br\/site\/wp-json\/wp\/v2\/calendar?post=27752"}],"curies":[{"name":"wp","href":"https:\/\/api.w.org\/{rel}","templated":true}]}}