{"id":27717,"date":"2018-12-19T16:07:10","date_gmt":"2018-12-19T18:07:10","guid":{"rendered":"http:\/\/anprotec.org.br\/site\/?p=27717"},"modified":"2018-12-19T16:10:20","modified_gmt":"2018-12-19T18:10:20","slug":"iniciativa-do-mre-em-parceria-com-a-anprotec-leva-parques-tecnologicos-brasileiros-a-russia","status":"publish","type":"post","link":"https:\/\/anprotec.org.br\/site\/2018\/12\/iniciativa-do-mre-em-parceria-com-a-anprotec-leva-parques-tecnologicos-brasileiros-a-russia\/","title":{"rendered":"Iniciativa do MRE em parceria com a Anprotec leva parques tecnol\u00f3gicos brasileiros \u00e0 R\u00fassia"},"content":{"rendered":"<p style=\"text-align: justify\"><strong><img decoding=\"async\" loading=\"lazy\" class=\"size-medium wp-image-27719 alignleft\" src=\"https:\/\/anprotec.org.br\/site\/wp-content\/uploads\/2018\/12\/1-300x225.jpg\" alt=\"\" width=\"300\" height=\"225\" srcset=\"https:\/\/anprotec.org.br\/site\/wp-content\/uploads\/2018\/12\/1-300x225.jpg 300w, https:\/\/anprotec.org.br\/site\/wp-content\/uploads\/2018\/12\/1-768x576.jpg 768w, https:\/\/anprotec.org.br\/site\/wp-content\/uploads\/2018\/12\/1-1024x768.jpg 1024w, https:\/\/anprotec.org.br\/site\/wp-content\/uploads\/2018\/12\/1-195x146.jpg 195w, https:\/\/anprotec.org.br\/site\/wp-content\/uploads\/2018\/12\/1-50x38.jpg 50w, https:\/\/anprotec.org.br\/site\/wp-content\/uploads\/2018\/12\/1-100x75.jpg 100w, https:\/\/anprotec.org.br\/site\/wp-content\/uploads\/2018\/12\/1.jpg 1280w, https:\/\/anprotec.org.br\/site\/wp-content\/uploads\/2018\/12\/1-960x720.jpg 960w\" sizes=\"(max-width: 300px) 100vw, 300px\" \/>\u00a0<\/strong>A Miss\u00e3o de Parques Tecnol\u00f3gicos Brasileiros \u00e0 R\u00fassia, organizada pelo Minist\u00e9rio das Rela\u00e7\u00f5es Exteriores, em parceria com a Anprotec e a <img decoding=\"async\" loading=\"lazy\" class=\"size-medium wp-image-27720 alignright\" src=\"https:\/\/anprotec.org.br\/site\/wp-content\/uploads\/2018\/12\/3-300x225.jpg\" alt=\"\" width=\"300\" height=\"225\" srcset=\"https:\/\/anprotec.org.br\/site\/wp-content\/uploads\/2018\/12\/3-300x225.jpg 300w, https:\/\/anprotec.org.br\/site\/wp-content\/uploads\/2018\/12\/3-768x576.jpg 768w, https:\/\/anprotec.org.br\/site\/wp-content\/uploads\/2018\/12\/3-1024x768.jpg 1024w, https:\/\/anprotec.org.br\/site\/wp-content\/uploads\/2018\/12\/3-195x146.jpg 195w, https:\/\/anprotec.org.br\/site\/wp-content\/uploads\/2018\/12\/3-50x38.jpg 50w, https:\/\/anprotec.org.br\/site\/wp-content\/uploads\/2018\/12\/3-100x75.jpg 100w, https:\/\/anprotec.org.br\/site\/wp-content\/uploads\/2018\/12\/3.jpg 1280w, https:\/\/anprotec.org.br\/site\/wp-content\/uploads\/2018\/12\/3-960x720.jpg 960w\" sizes=\"(max-width: 300px) 100vw, 300px\" \/>embaixada do Brasil em Moscou, teve o objetivo de aproximar os ecossistemas de inova\u00e7\u00e3o brasileiro e russo, fomentando a parceria entre as na\u00e7\u00f5es e a troca de experi\u00eancias entre os parques, promovendo a coopera\u00e7\u00e3o e a promo\u00e7\u00e3o de tecnologias e empresas de base tecnol\u00f3gica e startups.<\/p>\n<p style=\"text-align: justify\">Realizada no in\u00edcio de dezembro, a Miss\u00e3o contemplou tr\u00eas dias repletos de atividades. \u201cVisitamos tr\u00eas parques tecnol\u00f3gicos e duas universidades, al\u00e9m de nos reunirmos com a embaixada do Brasil e com o Minist\u00e9rio de Ci\u00eancia, Tecnologia e Inova\u00e7\u00e3o Russo e com Associa\u00e7\u00e3o Russa de Clusters e Parques Tecnol\u00f3gicos\u201d, contou Rodrigo Mendes, do Parque Tecnol\u00f3gico de S\u00e3o Jos\u00e9 dos Campos.<\/p>\n<p style=\"text-align: justify\">De acordo com ele, as oportunidades mapeadas foram muitas, principalmente, em rela\u00e7\u00e3o \u00e0s assinaturas de acordo de coopera\u00e7\u00e3o entre os parques para promo\u00e7\u00e3o de programas de softlanding e cross-incubation, e de projetos conjuntos de pesquisa nas universidades e institutos de pesquisa.<\/p>\n<p style=\"text-align: justify\">\u201cDo parque de S\u00e3o Jos\u00e9 dos Campos, avan\u00e7amos nas negocia\u00e7\u00f5es sobre o acordo de coopera\u00e7\u00e3o com SKolkovo &#8211; em fase de assinatura. E iniciamos um di\u00e1logo com duas startups russas que t\u00eam a<img decoding=\"async\" loading=\"lazy\" class=\"size-medium wp-image-27722 alignright\" src=\"https:\/\/anprotec.org.br\/site\/wp-content\/uploads\/2018\/12\/home-225x300.jpg\" alt=\"\" width=\"225\" height=\"300\" srcset=\"https:\/\/anprotec.org.br\/site\/wp-content\/uploads\/2018\/12\/home-225x300.jpg 225w, https:\/\/anprotec.org.br\/site\/wp-content\/uploads\/2018\/12\/home-768x1024.jpg 768w, https:\/\/anprotec.org.br\/site\/wp-content\/uploads\/2018\/12\/home-110x146.jpg 110w, https:\/\/anprotec.org.br\/site\/wp-content\/uploads\/2018\/12\/home-38x50.jpg 38w, https:\/\/anprotec.org.br\/site\/wp-content\/uploads\/2018\/12\/home-56x75.jpg 56w, https:\/\/anprotec.org.br\/site\/wp-content\/uploads\/2018\/12\/home.jpg 960w\" sizes=\"(max-width: 225px) 100vw, 225px\" \/> inten\u00e7\u00e3o de se instalar no Brasil\u201d, explicou Rodrigo.<\/p>\n<p style=\"text-align: justify\">Al\u00e9m do Parque Tecnol\u00f3gico de S\u00e3o Jos\u00e9 dos Campos, a Miss\u00e3o tamb\u00e9m contou com representantes do Porto Digital e do Parque Tecnol\u00f3gico da <img decoding=\"async\" loading=\"lazy\" class=\"size-medium wp-image-27721 alignleft\" src=\"https:\/\/anprotec.org.br\/site\/wp-content\/uploads\/2018\/12\/4-300x225.jpg\" alt=\"\" width=\"300\" height=\"225\" srcset=\"https:\/\/anprotec.org.br\/site\/wp-content\/uploads\/2018\/12\/4-300x225.jpg 300w, https:\/\/anprotec.org.br\/site\/wp-content\/uploads\/2018\/12\/4-768x576.jpg 768w, https:\/\/anprotec.org.br\/site\/wp-content\/uploads\/2018\/12\/4-1024x768.jpg 1024w, https:\/\/anprotec.org.br\/site\/wp-content\/uploads\/2018\/12\/4-195x146.jpg 195w, https:\/\/anprotec.org.br\/site\/wp-content\/uploads\/2018\/12\/4-50x38.jpg 50w, https:\/\/anprotec.org.br\/site\/wp-content\/uploads\/2018\/12\/4-100x75.jpg 100w, https:\/\/anprotec.org.br\/site\/wp-content\/uploads\/2018\/12\/4.jpg 1280w, https:\/\/anprotec.org.br\/site\/wp-content\/uploads\/2018\/12\/4-960x720.jpg 960w\" sizes=\"(max-width: 300px) 100vw, 300px\" \/>Universidade Federal do Rio de Janeiro.<\/p>\n<p style=\"text-align: justify\">Para superintendente da Anprotec, Sheila Pires, \u201cessa \u00e9 iniciativa j\u00e1 \u00e9 um resultado concreto da parceria com os BRICS\u201d.<\/p>\n<p style=\"text-align: justify\">Em novembro, a Associa\u00e7\u00e3o participou de um workshop sobre a proje\u00e7\u00e3o da iBRICS Network, que pretende ser um mecanismo de di\u00e1logo direto, apoio m\u00fatuo, projetos conjuntos e interc\u00e2mbio das melhores pr\u00e1ticas entre parques cient\u00edficos e tecnol\u00f3gicos, incubadoras e aceleradoras de PMEs baseadas em tecnologia e outras organiza\u00e7\u00f5es inovadoras dos pa\u00edses do BRICS.<\/p>\n<p>&nbsp;<\/p>\n","protected":false},"excerpt":{"rendered":"<p>\u00a0A Miss\u00e3o de Parques Tecnol\u00f3gicos Brasileiros \u00e0 R\u00fassia, organizada pelo<span class=\"excerpt-hellip\"> [\u2026]<\/span><\/p>\n","protected":false},"author":10,"featured_media":27718,"comment_status":"closed","ping_status":"closed","sticky":false,"template":"","format":"standard","meta":{"footnotes":"","_links_to":"","_links_to_target":""},"categories":[3],"tags":[],"calendar":[],"_links":{"self":[{"href":"https:\/\/anprotec.org.br\/site\/wp-json\/wp\/v2\/posts\/27717"}],"collection":[{"href":"https:\/\/anprotec.org.br\/site\/wp-json\/wp\/v2\/posts"}],"about":[{"href":"https:\/\/anprotec.org.br\/site\/wp-json\/wp\/v2\/types\/post"}],"author":[{"embeddable":true,"href":"https:\/\/anprotec.org.br\/site\/wp-json\/wp\/v2\/users\/10"}],"replies":[{"embeddable":true,"href":"https:\/\/anprotec.org.br\/site\/wp-json\/wp\/v2\/comments?post=27717"}],"version-history":[{"count":2,"href":"https:\/\/anprotec.org.br\/site\/wp-json\/wp\/v2\/posts\/27717\/revisions"}],"predecessor-version":[{"id":27726,"href":"https:\/\/anprotec.org.br\/site\/wp-json\/wp\/v2\/posts\/27717\/revisions\/27726"}],"wp:featuredmedia":[{"embeddable":true,"href":"https:\/\/anprotec.org.br\/site\/wp-json\/wp\/v2\/media\/27718"}],"wp:attachment":[{"href":"https:\/\/anprotec.org.br\/site\/wp-json\/wp\/v2\/media?parent=27717"}],"wp:term":[{"taxonomy":"category","embeddable":true,"href":"https:\/\/anprotec.org.br\/site\/wp-json\/wp\/v2\/categories?post=27717"},{"taxonomy":"post_tag","embeddable":true,"href":"https:\/\/anprotec.org.br\/site\/wp-json\/wp\/v2\/tags?post=27717"},{"taxonomy":"calendar","embeddable":true,"href":"https:\/\/anprotec.org.br\/site\/wp-json\/wp\/v2\/calendar?post=27717"}],"curies":[{"name":"wp","href":"https:\/\/api.w.org\/{rel}","templated":true}]}}