{"id":27714,"date":"2018-12-19T15:07:49","date_gmt":"2018-12-19T17:07:49","guid":{"rendered":"http:\/\/anprotec.org.br\/site\/?p=27714"},"modified":"2020-04-10T14:46:30","modified_gmt":"2020-04-10T17:46:30","slug":"comissao-de-financas-da-camara-rejeita-incentivo-para-empresa-que-contrata-pesquisa-estrangeira-para-inovacao","status":"publish","type":"post","link":"https:\/\/anprotec.org.br\/site\/2018\/12\/comissao-de-financas-da-camara-rejeita-incentivo-para-empresa-que-contrata-pesquisa-estrangeira-para-inovacao\/","title":{"rendered":"Comiss\u00e3o de Finan\u00e7as da C\u00e2mara rejeita incentivo para empresa que contrata pesquisa estrangeira para inova\u00e7\u00e3o"},"content":{"rendered":"<p><img decoding=\"async\" loading=\"lazy\" class=\"size-medium wp-image-27715 alignleft\" src=\"https:\/\/anprotec.org.br\/site\/wp-content\/uploads\/2018\/12\/finan\u00e7as-300x223.jpg\" alt=\"\" width=\"300\" height=\"223\" srcset=\"https:\/\/anprotec.org.br\/site\/wp-content\/uploads\/2018\/12\/finan\u00e7as-300x223.jpg 300w, https:\/\/anprotec.org.br\/site\/wp-content\/uploads\/2018\/12\/finan\u00e7as-196x146.jpg 196w, https:\/\/anprotec.org.br\/site\/wp-content\/uploads\/2018\/12\/finan\u00e7as-50x37.jpg 50w, https:\/\/anprotec.org.br\/site\/wp-content\/uploads\/2018\/12\/finan\u00e7as-101x75.jpg 101w, https:\/\/anprotec.org.br\/site\/wp-content\/uploads\/2018\/12\/finan\u00e7as.jpg 403w\" sizes=\"(max-width: 300px) 100vw, 300px\" \/>A Comiss\u00e3o de Finan\u00e7as e Tributa\u00e7\u00e3o rejeitou proposta que pretende permitir \u00e0s empresas deduzir, na apura\u00e7\u00e3o do lucro l\u00edquido, despesas em pesquisa tecnol\u00f3gica e desenvolvimento de inova\u00e7\u00e3o tecnol\u00f3gica contratadas com universidade ou institui\u00e7\u00e3o de pesquisa estrangeiras.<\/p>\n<p>A rejei\u00e7\u00e3o do Projeto de Lei 6601\/16, do deputado Francisco Floriano (DEM-RJ), e do substitutivo da Comiss\u00e3o de Ci\u00eancia e Tecnologia, Comunica\u00e7\u00e3o e Inform\u00e1tica foi pedida pelo relator na comiss\u00e3o, deputado Izalci Lucas (PSDB-DF), pela incompatibilidade e inadequa\u00e7\u00e3o financeira e or\u00e7ament\u00e1ria. Este tipo de rejei\u00e7\u00e3o implica no arquivamento do projeto, mas cabe recurso ao Plen\u00e1rio da C\u00e2mara dos Deputados.<\/p>\n<p>Izalci Lucas destacou que a Lei de Diretrizes Or\u00e7ament\u00e1rias para 2018 (Lei 13.473\/17) exige estimativa dos impactos or\u00e7ament\u00e1rios e financeiros advindos das proposi\u00e7\u00f5es, o que n\u00e3o aconteceu no caso. Segundo o relator, o texto original e o substitutivo tamb\u00e9m contrariam a Emenda Constitucional 95, que trata do teto dos gastos p\u00fablicos.<\/p>\n<p>A proposta pretende inserir na chamada Lei do Bem (11.196\/05) a dedu\u00e7\u00e3o de despesas com pesquisa tecnol\u00f3gica e desenvolvimento de inova\u00e7\u00e3o tecnol\u00f3gica com empresas ou pesquisadores estrangeiros. O substitutivo rejeitado limita a dedu\u00e7\u00e3o em at\u00e9 20% do total de disp\u00eandios, enquanto o texto original nem sequer estabelece limites.\u00a0 As informa\u00e7\u00f5es s\u00e3o da Ag\u00eancia C\u00e2mara.<\/p>\n","protected":false},"excerpt":{"rendered":"<p>A Comiss\u00e3o de Finan\u00e7as e Tributa\u00e7\u00e3o rejeitou proposta que pretende<span class=\"excerpt-hellip\"> [\u2026]<\/span><\/p>\n","protected":false},"author":10,"featured_media":27715,"comment_status":"closed","ping_status":"closed","sticky":false,"template":"","format":"standard","meta":{"footnotes":"","_links_to":"","_links_to_target":""},"categories":[3],"tags":[],"calendar":[],"_links":{"self":[{"href":"https:\/\/anprotec.org.br\/site\/wp-json\/wp\/v2\/posts\/27714"}],"collection":[{"href":"https:\/\/anprotec.org.br\/site\/wp-json\/wp\/v2\/posts"}],"about":[{"href":"https:\/\/anprotec.org.br\/site\/wp-json\/wp\/v2\/types\/post"}],"author":[{"embeddable":true,"href":"https:\/\/anprotec.org.br\/site\/wp-json\/wp\/v2\/users\/10"}],"replies":[{"embeddable":true,"href":"https:\/\/anprotec.org.br\/site\/wp-json\/wp\/v2\/comments?post=27714"}],"version-history":[{"count":1,"href":"https:\/\/anprotec.org.br\/site\/wp-json\/wp\/v2\/posts\/27714\/revisions"}],"predecessor-version":[{"id":27716,"href":"https:\/\/anprotec.org.br\/site\/wp-json\/wp\/v2\/posts\/27714\/revisions\/27716"}],"wp:featuredmedia":[{"embeddable":true,"href":"https:\/\/anprotec.org.br\/site\/wp-json\/wp\/v2\/media\/27715"}],"wp:attachment":[{"href":"https:\/\/anprotec.org.br\/site\/wp-json\/wp\/v2\/media?parent=27714"}],"wp:term":[{"taxonomy":"category","embeddable":true,"href":"https:\/\/anprotec.org.br\/site\/wp-json\/wp\/v2\/categories?post=27714"},{"taxonomy":"post_tag","embeddable":true,"href":"https:\/\/anprotec.org.br\/site\/wp-json\/wp\/v2\/tags?post=27714"},{"taxonomy":"calendar","embeddable":true,"href":"https:\/\/anprotec.org.br\/site\/wp-json\/wp\/v2\/calendar?post=27714"}],"curies":[{"name":"wp","href":"https:\/\/api.w.org\/{rel}","templated":true}]}}