{"id":27710,"date":"2018-12-19T15:05:13","date_gmt":"2018-12-19T17:05:13","guid":{"rendered":"http:\/\/anprotec.org.br\/site\/?p=27710"},"modified":"2020-04-10T14:46:30","modified_gmt":"2020-04-10T17:46:30","slug":"associada-anprotec-acate-e-a-nova-coordenadora-do-nucleo-de-inovacao-tecnologica-para-agricultura-familiar","status":"publish","type":"post","link":"https:\/\/anprotec.org.br\/site\/2018\/12\/associada-anprotec-acate-e-a-nova-coordenadora-do-nucleo-de-inovacao-tecnologica-para-agricultura-familiar\/","title":{"rendered":"Associada Anprotec, ACATE \u00e9 a nova coordenadora do N\u00facleo de Inova\u00e7\u00e3o Tecnol\u00f3gica para Agricultura Familiar"},"content":{"rendered":"<p><img decoding=\"async\" loading=\"lazy\" class=\"size-medium wp-image-27711 alignleft\" src=\"https:\/\/anprotec.org.br\/site\/wp-content\/uploads\/2018\/12\/agricultura-familiar-300x154.jpg\" alt=\"\" width=\"300\" height=\"154\" srcset=\"https:\/\/anprotec.org.br\/site\/wp-content\/uploads\/2018\/12\/agricultura-familiar-300x154.jpg 300w, https:\/\/anprotec.org.br\/site\/wp-content\/uploads\/2018\/12\/agricultura-familiar-768x394.jpg 768w, https:\/\/anprotec.org.br\/site\/wp-content\/uploads\/2018\/12\/agricultura-familiar-260x133.jpg 260w, https:\/\/anprotec.org.br\/site\/wp-content\/uploads\/2018\/12\/agricultura-familiar-50x26.jpg 50w, https:\/\/anprotec.org.br\/site\/wp-content\/uploads\/2018\/12\/agricultura-familiar-146x75.jpg 146w, https:\/\/anprotec.org.br\/site\/wp-content\/uploads\/2018\/12\/agricultura-familiar.jpg 780w\" sizes=\"(max-width: 300px) 100vw, 300px\" \/>Criado para aproximar agricultores familiares e empresas desenvolvedoras de tecnologias, o N\u00facleo de Inova\u00e7\u00e3o Tecnol\u00f3gica para Agricultura Familiar (NITA) vem transformando o meio rural catarinense. Para dar continuidade ao projeto e fortalecer ainda mais as a\u00e7\u00f5es, a coordena\u00e7\u00e3o do NITA passa para a Associa\u00e7\u00e3o Catarinense de Tecnologia (ACATE). Nesta \u00faltima segunda-feira (18), o secret\u00e1rio executivo do Programa SC Rural, J\u00falio Bodanese, passou a coordena\u00e7\u00e3o do N\u00facleo para o diretor da Vertical Agroneg\u00f3cios da ACATE, Cl\u00f3vis Rossi.<\/p>\n<p>O N\u00facleo de Inova\u00e7\u00e3o faz parte de um grupo seleto de iniciativas para aproximar tecnologia e agricultores. O Banco Mundial apoia apenas oito projetos como esse no mundo e o Estado \u00e9 o \u00fanico representante da Am\u00e9rica Latina nessa lista, tornando-se refer\u00eancia para outros estados e pa\u00edses.<\/p>\n<p>O NITA funciona como um elo entre startups, pequenas e m\u00e9dias empresas desenvolvedoras de inova\u00e7\u00f5es e as cadeias produtivas organizadas dos agricultores, acelerando o processo de desenvolvimento e oferta de tecnologias.<\/p>\n<p>Hoje s\u00e3o 42 empresas cadastradas, que j\u00e1 fazem neg\u00f3cios com agricultores e empresas catarinenses, al\u00e9m de algumas parcerias internacionais.<\/p>\n","protected":false},"excerpt":{"rendered":"<p>Criado para aproximar agricultores familiares e empresas desenvolvedoras de tecnologias,<span class=\"excerpt-hellip\"> [\u2026]<\/span><\/p>\n","protected":false},"author":10,"featured_media":27711,"comment_status":"closed","ping_status":"closed","sticky":false,"template":"","format":"standard","meta":{"footnotes":"","_links_to":"","_links_to_target":""},"categories":[3],"tags":[],"calendar":[],"_links":{"self":[{"href":"https:\/\/anprotec.org.br\/site\/wp-json\/wp\/v2\/posts\/27710"}],"collection":[{"href":"https:\/\/anprotec.org.br\/site\/wp-json\/wp\/v2\/posts"}],"about":[{"href":"https:\/\/anprotec.org.br\/site\/wp-json\/wp\/v2\/types\/post"}],"author":[{"embeddable":true,"href":"https:\/\/anprotec.org.br\/site\/wp-json\/wp\/v2\/users\/10"}],"replies":[{"embeddable":true,"href":"https:\/\/anprotec.org.br\/site\/wp-json\/wp\/v2\/comments?post=27710"}],"version-history":[{"count":2,"href":"https:\/\/anprotec.org.br\/site\/wp-json\/wp\/v2\/posts\/27710\/revisions"}],"predecessor-version":[{"id":27713,"href":"https:\/\/anprotec.org.br\/site\/wp-json\/wp\/v2\/posts\/27710\/revisions\/27713"}],"wp:featuredmedia":[{"embeddable":true,"href":"https:\/\/anprotec.org.br\/site\/wp-json\/wp\/v2\/media\/27711"}],"wp:attachment":[{"href":"https:\/\/anprotec.org.br\/site\/wp-json\/wp\/v2\/media?parent=27710"}],"wp:term":[{"taxonomy":"category","embeddable":true,"href":"https:\/\/anprotec.org.br\/site\/wp-json\/wp\/v2\/categories?post=27710"},{"taxonomy":"post_tag","embeddable":true,"href":"https:\/\/anprotec.org.br\/site\/wp-json\/wp\/v2\/tags?post=27710"},{"taxonomy":"calendar","embeddable":true,"href":"https:\/\/anprotec.org.br\/site\/wp-json\/wp\/v2\/calendar?post=27710"}],"curies":[{"name":"wp","href":"https:\/\/api.w.org\/{rel}","templated":true}]}}