{"id":27706,"date":"2018-12-19T14:50:08","date_gmt":"2018-12-19T16:50:08","guid":{"rendered":"http:\/\/anprotec.org.br\/site\/?p=27706"},"modified":"2020-04-10T14:46:30","modified_gmt":"2020-04-10T17:46:30","slug":"projeto-inovar-com-bic-busca-empresas-e-startups-do-ramo-de-papelaria-para-trabalhos-em-parceria","status":"publish","type":"post","link":"https:\/\/anprotec.org.br\/site\/2018\/12\/projeto-inovar-com-bic-busca-empresas-e-startups-do-ramo-de-papelaria-para-trabalhos-em-parceria\/","title":{"rendered":"Projeto Inovar com BIC busca empresas e startups do ramo de papelaria para trabalhos em parceria"},"content":{"rendered":"<p style=\"text-align: justify\"><img decoding=\"async\" loading=\"lazy\" class=\" wp-image-27707 alignleft\" src=\"https:\/\/anprotec.org.br\/site\/wp-content\/uploads\/2018\/12\/Screenshot-1.png\" alt=\"\" width=\"295\" height=\"187\" srcset=\"https:\/\/anprotec.org.br\/site\/wp-content\/uploads\/2018\/12\/Screenshot-1.png 370w, https:\/\/anprotec.org.br\/site\/wp-content\/uploads\/2018\/12\/Screenshot-1-300x191.png 300w, https:\/\/anprotec.org.br\/site\/wp-content\/uploads\/2018\/12\/Screenshot-1-230x146.png 230w, https:\/\/anprotec.org.br\/site\/wp-content\/uploads\/2018\/12\/Screenshot-1-50x32.png 50w, https:\/\/anprotec.org.br\/site\/wp-content\/uploads\/2018\/12\/Screenshot-1-118x75.png 118w\" sizes=\"(max-width: 295px) 100vw, 295px\" \/>Est\u00e3o abertas as inscri\u00e7\u00f5es para o projeto Inovar com BIC. A iniciativa tem como objetivo fazer um mapeamento de startups, inova\u00e7\u00f5es e projetos brasileiros no setor de papelaria.<\/p>\n<p style=\"text-align: justify\">Os participantes devem estar enquadrados em tr\u00eas ramos:<\/p>\n<p>&#8211; New writing &amp; coloring experience;<\/p>\n<p>&#8211; Innovative raw material for the future of writing and writing product (components, ink, etc.);<\/p>\n<p>&#8211; Sustainable solution for writing product.<\/p>\n<p style=\"text-align: justify\">Os selecionados ter\u00e3o a oportunidade de apresentar suas solu\u00e7\u00f5es para a BIC, e assim, avaliar em conjunto poss\u00edveis sinergias, tal como, acelera\u00e7\u00e3o, incuba\u00e7\u00e3o, parceria comercial e ajuda t\u00e9cnica.<\/p>\n<p style=\"text-align: justify\">As inscri\u00e7\u00f5es v\u00e3o at\u00e9 o dia 31\/01.<\/p>\n<p style=\"text-align: justify\">Para mais informa\u00e7\u00f5es e inscri\u00e7\u00f5es, acesse o <a href=\"https:\/\/events-export.businessfrance.fr\/inovarcombic\/\" target=\"_blank\" rel=\"noopener\">site<\/a>.<\/p>\n","protected":false},"excerpt":{"rendered":"<p>Est\u00e3o abertas as inscri\u00e7\u00f5es para o projeto Inovar com BIC.<span class=\"excerpt-hellip\"> [\u2026]<\/span><\/p>\n","protected":false},"author":10,"featured_media":27707,"comment_status":"closed","ping_status":"closed","sticky":false,"template":"","format":"standard","meta":{"footnotes":"","_links_to":"","_links_to_target":""},"categories":[3],"tags":[],"calendar":[],"_links":{"self":[{"href":"https:\/\/anprotec.org.br\/site\/wp-json\/wp\/v2\/posts\/27706"}],"collection":[{"href":"https:\/\/anprotec.org.br\/site\/wp-json\/wp\/v2\/posts"}],"about":[{"href":"https:\/\/anprotec.org.br\/site\/wp-json\/wp\/v2\/types\/post"}],"author":[{"embeddable":true,"href":"https:\/\/anprotec.org.br\/site\/wp-json\/wp\/v2\/users\/10"}],"replies":[{"embeddable":true,"href":"https:\/\/anprotec.org.br\/site\/wp-json\/wp\/v2\/comments?post=27706"}],"version-history":[{"count":2,"href":"https:\/\/anprotec.org.br\/site\/wp-json\/wp\/v2\/posts\/27706\/revisions"}],"predecessor-version":[{"id":27709,"href":"https:\/\/anprotec.org.br\/site\/wp-json\/wp\/v2\/posts\/27706\/revisions\/27709"}],"wp:featuredmedia":[{"embeddable":true,"href":"https:\/\/anprotec.org.br\/site\/wp-json\/wp\/v2\/media\/27707"}],"wp:attachment":[{"href":"https:\/\/anprotec.org.br\/site\/wp-json\/wp\/v2\/media?parent=27706"}],"wp:term":[{"taxonomy":"category","embeddable":true,"href":"https:\/\/anprotec.org.br\/site\/wp-json\/wp\/v2\/categories?post=27706"},{"taxonomy":"post_tag","embeddable":true,"href":"https:\/\/anprotec.org.br\/site\/wp-json\/wp\/v2\/tags?post=27706"},{"taxonomy":"calendar","embeddable":true,"href":"https:\/\/anprotec.org.br\/site\/wp-json\/wp\/v2\/calendar?post=27706"}],"curies":[{"name":"wp","href":"https:\/\/api.w.org\/{rel}","templated":true}]}}