{"id":27682,"date":"2018-12-18T16:47:16","date_gmt":"2018-12-18T18:47:16","guid":{"rendered":"http:\/\/anprotec.org.br\/site\/?p=27682"},"modified":"2020-04-10T14:46:30","modified_gmt":"2020-04-10T17:46:30","slug":"fundacion-mapfre-lanca-segunda-edicao-dos-premios-a-inovacao-social","status":"publish","type":"post","link":"https:\/\/anprotec.org.br\/site\/2018\/12\/fundacion-mapfre-lanca-segunda-edicao-dos-premios-a-inovacao-social\/","title":{"rendered":"Fundaci\u00f3n MAPFRE lan\u00e7a segunda edi\u00e7\u00e3o dos Pr\u00eamios \u00e0 Inova\u00e7\u00e3o Social"},"content":{"rendered":"<p style=\"text-align: justify\"><em><img decoding=\"async\" loading=\"lazy\" class=\" wp-image-27683 alignleft\" src=\"https:\/\/anprotec.org.br\/site\/wp-content\/uploads\/2018\/12\/Pr\u00eamios-Fundaci\u00f3n-Mapfre.jpg\" alt=\"\" width=\"323\" height=\"205\" srcset=\"https:\/\/anprotec.org.br\/site\/wp-content\/uploads\/2018\/12\/Pr\u00eamios-Fundaci\u00f3n-Mapfre.jpg 370w, https:\/\/anprotec.org.br\/site\/wp-content\/uploads\/2018\/12\/Pr\u00eamios-Fundaci\u00f3n-Mapfre-300x191.jpg 300w, https:\/\/anprotec.org.br\/site\/wp-content\/uploads\/2018\/12\/Pr\u00eamios-Fundaci\u00f3n-Mapfre-230x146.jpg 230w, https:\/\/anprotec.org.br\/site\/wp-content\/uploads\/2018\/12\/Pr\u00eamios-Fundaci\u00f3n-Mapfre-50x32.jpg 50w, https:\/\/anprotec.org.br\/site\/wp-content\/uploads\/2018\/12\/Pr\u00eamios-Fundaci\u00f3n-Mapfre-118x75.jpg 118w\" sizes=\"(max-width: 323px) 100vw, 323px\" \/>Iniciativa vai premiar com 30 mil euros projetos nas \u00e1reas de mobilidade e seguran\u00e7a vi\u00e1ria, e-health e insurtech; inscri\u00e7\u00f5es come\u00e7am em 15 de dezembro<\/em><\/p>\n<p style=\"text-align: justify\">A Fundaci\u00f3n MAPFRE come\u00e7a a receber inscri\u00e7\u00f5es para a segunda edi\u00e7\u00e3o dos Pr\u00eamios \u00e0 Inova\u00e7\u00e3o Social nos pr\u00f3ximos dias. A iniciativa tem como objetivo identificar projetos inovadores com alta capacidade de transforma\u00e7\u00e3o social e de impacto global, com solu\u00e7\u00f5es aplic\u00e1veis em todo o mundo, melhorando a vida das pessoas. Os vencedores receber\u00e3o, cada um, um pr\u00eamio de 30 mil euros.<\/p>\n<p style=\"text-align: justify\">Pesquisadores, empreendedores, cientistas e estudantes de universidades e escolas de neg\u00f3cio poder\u00e3o apresentar trabalhos nas categorias &#8220;Melhora da Sa\u00fade e Tecnologia Digital&#8221;, &#8220;Inova\u00e7\u00e3o Seguradora (insurtech)&#8221; e &#8220;Mobilidade e Seguran\u00e7a Vi\u00e1ria&#8221;. Os interessados ter\u00e3o de 15 de dezembro a 31 de janeiro para fazer sua inscri\u00e7\u00e3o no site http:\/\/premiosinnovacion.fundacionmapfre.org.<\/p>\n<p style=\"text-align: justify\">&#8220;Queremos promover a criatividade, o empreendedorismo e a lideran\u00e7a como ferramentas para alcan\u00e7ar um mundo mais justo, inclusivo e igualit\u00e1rio; favorecendo evolu\u00e7\u00e3o da sociedade e para a busca de alternativas sustent\u00e1veis para o bem-estar coletivo. Al\u00e9m de, claro, preparar empreendedores para serem protagonistas da mudan\u00e7a social&#8221;, afirma Wilson Toneto, CEO da MAPFRE Regional Brasil e representante da Fundaci\u00f3n MAPFRE no pa\u00eds.<\/p>\n<p style=\"text-align: justify\">Realizados em parceria com o IE Business School, os pr\u00eamios destinam-se a tr\u00eas grandes regi\u00f5es: Brasil, demais pa\u00edses da Am\u00e9rica Latina e Europa. Ap\u00f3s uma sele\u00e7\u00e3o, 27 projetos &#8211; tr\u00eas candidatos para cada uma das tr\u00eas categorias &#8211; receber\u00e3o mentorias on-line para aprimorar habilidades t\u00e9cnicas e aprender a comunicar de forma mais efetiva suas propostas, antes de participarem das semifinais, entre junho e julho nos pa\u00edses de refer\u00eancia.<\/p>\n<p style=\"text-align: justify\">Os nove finalistas passar\u00e3o por um processo de coaching antes de evento, em Madri, em 10 de outubro, quando ser\u00e3o conhecidos os tr\u00eas vencedores (um por categoria).<\/p>\n<p style=\"text-align: justify\">Economia colaborativa<\/p>\n<p style=\"text-align: justify\">Para gerar ideias inovadoras de maneira colaborativa e propor alternativas para resolv\u00ea-las e impulsion\u00e1-las, com troca de conhecimento especializado e ao apoio m\u00fatuo de inovadores do mundo todo, a Fundaci\u00f3n MAPFRE criou a Rede Innova, uma comunidade privada de inovadores sociais, composta pelos 27 semifinalistas da primeira edi\u00e7\u00e3o destes pr\u00eamios.<\/p>\n<p style=\"text-align: justify\"><strong>Sobre a Fundaci\u00f3n MAPFRE <\/strong><\/p>\n<p style=\"text-align: justify\">Com sede na Espanha e atua\u00e7\u00e3o em 29 pa\u00edses, a Fundaci\u00f3n MAPFRE \u00e9 uma institui\u00e7\u00e3o sem fins lucrativos, que promove e investe em atividades de interesse geral da popula\u00e7\u00e3o. No Brasil atua para disseminar valores, promover o acesso \u00e0 cultura e contribuir com o bem-estar da sociedade, apoiando e desenvolvendo iniciativas nas \u00e1reas de A\u00e7\u00e3o Social, Preven\u00e7\u00e3o e Seguran\u00e7a Vi\u00e1ria, Seguro e Previd\u00eancia Social e Promo\u00e7\u00e3o da Sa\u00fade. Em 2017, suas iniciativas impactaram 17 milh\u00f5es de brasileiros. Site: www.fundacionmapfre.com.br<\/p>\n","protected":false},"excerpt":{"rendered":"<p>Iniciativa vai premiar com 30 mil euros projetos nas \u00e1reas<span class=\"excerpt-hellip\"> [\u2026]<\/span><\/p>\n","protected":false},"author":10,"featured_media":27683,"comment_status":"closed","ping_status":"closed","sticky":false,"template":"","format":"standard","meta":{"footnotes":"","_links_to":"","_links_to_target":""},"categories":[3],"tags":[],"calendar":[],"_links":{"self":[{"href":"https:\/\/anprotec.org.br\/site\/wp-json\/wp\/v2\/posts\/27682"}],"collection":[{"href":"https:\/\/anprotec.org.br\/site\/wp-json\/wp\/v2\/posts"}],"about":[{"href":"https:\/\/anprotec.org.br\/site\/wp-json\/wp\/v2\/types\/post"}],"author":[{"embeddable":true,"href":"https:\/\/anprotec.org.br\/site\/wp-json\/wp\/v2\/users\/10"}],"replies":[{"embeddable":true,"href":"https:\/\/anprotec.org.br\/site\/wp-json\/wp\/v2\/comments?post=27682"}],"version-history":[{"count":1,"href":"https:\/\/anprotec.org.br\/site\/wp-json\/wp\/v2\/posts\/27682\/revisions"}],"predecessor-version":[{"id":27684,"href":"https:\/\/anprotec.org.br\/site\/wp-json\/wp\/v2\/posts\/27682\/revisions\/27684"}],"wp:featuredmedia":[{"embeddable":true,"href":"https:\/\/anprotec.org.br\/site\/wp-json\/wp\/v2\/media\/27683"}],"wp:attachment":[{"href":"https:\/\/anprotec.org.br\/site\/wp-json\/wp\/v2\/media?parent=27682"}],"wp:term":[{"taxonomy":"category","embeddable":true,"href":"https:\/\/anprotec.org.br\/site\/wp-json\/wp\/v2\/categories?post=27682"},{"taxonomy":"post_tag","embeddable":true,"href":"https:\/\/anprotec.org.br\/site\/wp-json\/wp\/v2\/tags?post=27682"},{"taxonomy":"calendar","embeddable":true,"href":"https:\/\/anprotec.org.br\/site\/wp-json\/wp\/v2\/calendar?post=27682"}],"curies":[{"name":"wp","href":"https:\/\/api.w.org\/{rel}","templated":true}]}}