{"id":27674,"date":"2018-12-18T16:37:23","date_gmt":"2018-12-18T18:37:23","guid":{"rendered":"http:\/\/anprotec.org.br\/site\/?p=27674"},"modified":"2020-04-10T14:46:30","modified_gmt":"2020-04-10T17:46:30","slug":"inscricoes-prorrogadas-para-a-3a-edicao-do-programa-de-aceleracao-da-aceleradora-estacao-hack","status":"publish","type":"post","link":"https:\/\/anprotec.org.br\/site\/2018\/12\/inscricoes-prorrogadas-para-a-3a-edicao-do-programa-de-aceleracao-da-aceleradora-estacao-hack\/","title":{"rendered":"Inscri\u00e7\u00f5es prorrogadas para a 3\u00aa Edi\u00e7\u00e3o do programa de acelera\u00e7\u00e3o da Esta\u00e7\u00e3o Hack"},"content":{"rendered":"<p style=\"text-align: justify\">Foram prorrogadas as inscri\u00e7\u00f5es para a Turma 3 da Aceleradora Esta\u00e7\u00e3o Hack. Os interessados t\u00eam at\u00e9 o dia 06 de janeiro de 2019 para realizar a inscri\u00e7\u00e3o atrav\u00e9s do site.<\/p>\n<p style=\"text-align: justify\">O programa \u00e9 desenvolvido pelo Facebook, em parceria com a Artemisia, e est\u00e1 buscando at\u00e9 10 startups, com foco em pessoas e cidades, para um processo de acelera\u00e7\u00e3o intensiva.<\/p>\n<p style=\"text-align: justify\">As startups selecionadas passar\u00e3o por um per\u00edodo de resid\u00eancia de at\u00e9 seis meses na Esta\u00e7\u00e3o Hack, onde ter\u00e3o acesso a workshops e mais conte\u00fados exclusivos, al\u00e9m de mentorias com especialistas de neg\u00f3cios, apoio na formata\u00e7\u00e3o do modelo de neg\u00f3cio, entre outros benef\u00edcios.<\/p>\n<p style=\"text-align: justify\">As inscri\u00e7\u00f5es s\u00e3o gratuitas e podem ser feitas <a href=\"https:\/\/formstack.io\/4CB30\" target=\"_blank\" rel=\"noopener\">por esse link<\/a>.<\/p>\n<p><img decoding=\"async\" loading=\"lazy\" class=\"aligncenter wp-image-27678\" src=\"https:\/\/anprotec.org.br\/site\/wp-content\/uploads\/2018\/12\/48378146_1409012052565404_578544215168909312_n.png\" alt=\"\" width=\"588\" height=\"588\" srcset=\"https:\/\/anprotec.org.br\/site\/wp-content\/uploads\/2018\/12\/48378146_1409012052565404_578544215168909312_n.png 900w, https:\/\/anprotec.org.br\/site\/wp-content\/uploads\/2018\/12\/48378146_1409012052565404_578544215168909312_n-300x300.png 300w, https:\/\/anprotec.org.br\/site\/wp-content\/uploads\/2018\/12\/48378146_1409012052565404_578544215168909312_n-768x768.png 768w, https:\/\/anprotec.org.br\/site\/wp-content\/uploads\/2018\/12\/48378146_1409012052565404_578544215168909312_n-146x146.png 146w, https:\/\/anprotec.org.br\/site\/wp-content\/uploads\/2018\/12\/48378146_1409012052565404_578544215168909312_n-50x50.png 50w, https:\/\/anprotec.org.br\/site\/wp-content\/uploads\/2018\/12\/48378146_1409012052565404_578544215168909312_n-75x75.png 75w, https:\/\/anprotec.org.br\/site\/wp-content\/uploads\/2018\/12\/48378146_1409012052565404_578544215168909312_n-85x85.png 85w, https:\/\/anprotec.org.br\/site\/wp-content\/uploads\/2018\/12\/48378146_1409012052565404_578544215168909312_n-80x80.png 80w\" sizes=\"(max-width: 588px) 100vw, 588px\" \/><\/p>\n","protected":false},"excerpt":{"rendered":"<p>Foram prorrogadas as inscri\u00e7\u00f5es para a Turma 3 da Aceleradora<span class=\"excerpt-hellip\"> [\u2026]<\/span><\/p>\n","protected":false},"author":10,"featured_media":27676,"comment_status":"closed","ping_status":"closed","sticky":false,"template":"","format":"standard","meta":{"footnotes":"","_links_to":"","_links_to_target":""},"categories":[3],"tags":[],"calendar":[],"_links":{"self":[{"href":"https:\/\/anprotec.org.br\/site\/wp-json\/wp\/v2\/posts\/27674"}],"collection":[{"href":"https:\/\/anprotec.org.br\/site\/wp-json\/wp\/v2\/posts"}],"about":[{"href":"https:\/\/anprotec.org.br\/site\/wp-json\/wp\/v2\/types\/post"}],"author":[{"embeddable":true,"href":"https:\/\/anprotec.org.br\/site\/wp-json\/wp\/v2\/users\/10"}],"replies":[{"embeddable":true,"href":"https:\/\/anprotec.org.br\/site\/wp-json\/wp\/v2\/comments?post=27674"}],"version-history":[{"count":2,"href":"https:\/\/anprotec.org.br\/site\/wp-json\/wp\/v2\/posts\/27674\/revisions"}],"predecessor-version":[{"id":27685,"href":"https:\/\/anprotec.org.br\/site\/wp-json\/wp\/v2\/posts\/27674\/revisions\/27685"}],"wp:featuredmedia":[{"embeddable":true,"href":"https:\/\/anprotec.org.br\/site\/wp-json\/wp\/v2\/media\/27676"}],"wp:attachment":[{"href":"https:\/\/anprotec.org.br\/site\/wp-json\/wp\/v2\/media?parent=27674"}],"wp:term":[{"taxonomy":"category","embeddable":true,"href":"https:\/\/anprotec.org.br\/site\/wp-json\/wp\/v2\/categories?post=27674"},{"taxonomy":"post_tag","embeddable":true,"href":"https:\/\/anprotec.org.br\/site\/wp-json\/wp\/v2\/tags?post=27674"},{"taxonomy":"calendar","embeddable":true,"href":"https:\/\/anprotec.org.br\/site\/wp-json\/wp\/v2\/calendar?post=27674"}],"curies":[{"name":"wp","href":"https:\/\/api.w.org\/{rel}","templated":true}]}}