{"id":27522,"date":"2018-12-06T16:31:05","date_gmt":"2018-12-06T18:31:05","guid":{"rendered":"http:\/\/anprotec.org.br\/site\/?p=27522"},"modified":"2018-12-21T11:45:24","modified_gmt":"2018-12-21T13:45:24","slug":"cerne-lanca-edital-de-credenciamento-de-instituicoes-com-novas-diretrizes-e-reformulacao-de-processos","status":"publish","type":"post","link":"https:\/\/anprotec.org.br\/site\/2018\/12\/cerne-lanca-edital-de-credenciamento-de-instituicoes-com-novas-diretrizes-e-reformulacao-de-processos\/","title":{"rendered":"Anprotec lan\u00e7a chamada para credenciamento de mais entidades certificadoras do Cerne"},"content":{"rendered":"<p><img decoding=\"async\" loading=\"lazy\" class=\"alignleft wp-image-26037 size-medium\" src=\"https:\/\/anprotec.org.br\/site\/wp-content\/uploads\/2018\/08\/img-Cerne-300x191.jpg\" alt=\"\" width=\"300\" height=\"191\" srcset=\"https:\/\/anprotec.org.br\/site\/wp-content\/uploads\/2018\/08\/img-Cerne-300x191.jpg 300w, https:\/\/anprotec.org.br\/site\/wp-content\/uploads\/2018\/08\/img-Cerne-230x146.jpg 230w, https:\/\/anprotec.org.br\/site\/wp-content\/uploads\/2018\/08\/img-Cerne-50x32.jpg 50w, https:\/\/anprotec.org.br\/site\/wp-content\/uploads\/2018\/08\/img-Cerne-118x75.jpg 118w, https:\/\/anprotec.org.br\/site\/wp-content\/uploads\/2018\/08\/img-Cerne.jpg 370w\" sizes=\"(max-width: 300px) 100vw, 300px\" \/>A Anprotec lan\u00e7ou hoje (6\/12) o novo edital de Credenciamento de Institui\u00e7\u00f5es Certificadoras CERNE, com uma reformula\u00e7\u00e3o nos processos, tornando-os mais \u00e1geis, simples e menos onerosos. As inscri\u00e7\u00f5es devem ser feitas at\u00e9 14 de janeiro de 2019.<\/p>\n<p>As mudan\u00e7as nos processos t\u00eam o objetivo de ampliar a base de entidades certificadoras e abrir a possibilidade para redes estatuais, como explica o gerente do CERNE, Carlos Eduardo Bizzotto.<\/p>\n<p>\u201cA ideia \u00e9 ter dezenas de certificadoras para espalhar as oportunidades de certifica\u00e7\u00e3o. Qualquer pessoa jur\u00eddica que tenha interesse, atue na \u00e1rea e queira ser certificadora, poder\u00e1 submeter sua inscri\u00e7\u00e3o para avaliarmos e autorizarmos\u201d, comentou o gerente.<\/p>\n<p>A outra grande mudan\u00e7a est\u00e1 relacionada \u00e0 transforma\u00e7\u00e3o digital que processo sofreu. A partir de agora, a incubadora poder\u00e1 enviar evid\u00eancias, relat\u00f3rios e todos os documentos necess\u00e1rios para an\u00e1lise \u00e0 dist\u00e2ncia do avaliador.<\/p>\n<p>\u201cDepois de passar pela avalia\u00e7\u00e3o, h\u00e1 uma banca composta pela Anprotec, pelo Sebrae, pela equipe t\u00e9cnica do CERNE e pelo pr\u00f3prio avaliado, para questionar o gestor sobre a opera\u00e7\u00e3o CERNE naquela incubadora. Todas essas mudan\u00e7as trar\u00e3o mais confiabilidade, agilidade e transpar\u00eancia para o processo\u201d, explicou Bizzotto.<\/p>\n<p>Alguns dos requisitos a serem cumpridos s\u00e3o:<\/p>\n<ul>\n<li>Ser uma organiza\u00e7\u00e3o constitu\u00edda juridicamente h\u00e1, pelo menos, dois anos;<\/li>\n<li>Comprovar disponibilidade de equipe t\u00e9cnica para coordenar o processo de certifica\u00e7\u00e3o e realizar sua gest\u00e3o financeira;<\/li>\n<li>Comprovar experi\u00eancia da organiza\u00e7\u00e3o na execu\u00e7\u00e3o de projetos.<\/li>\n<\/ul>\n<p>O processo de credenciamento acontecer\u00e1 em quatro fases: 1. Inscri\u00e7\u00e3o de pessoas jur\u00eddicas; 2. Avalia\u00e7\u00e3o da documenta\u00e7\u00e3o; 3. Publica\u00e7\u00e3o do resultado e 4. Assinatura dos termos de Compromisso e de Sigilo e Confidencialidade.<\/p>\n<p>Confira o <a href=\"https:\/\/anprotec.org.br\/site\/wp-content\/uploads\/2018\/12\/20181220_Credenciamento_Cernificadoras_Final_validado_versao-retificada-MJO.pdf\" target=\"_blank\" rel=\"noopener\">edital completo<\/a> para mais informa\u00e7\u00f5es. Em caso de d\u00favidas, entre em contato pelo e-mail:\u00a0<a target=\"_blank\">cerne@anprotec.org.br<\/a><\/p>\n<p>&nbsp;<\/p>\n<div id=\"attachment_27529\" style=\"width: 1034px\" class=\"wp-caption aligncenter\"><img aria-describedby=\"caption-attachment-27529\" decoding=\"async\" loading=\"lazy\" class=\"wp-image-27529 size-large\" src=\"https:\/\/anprotec.org.br\/site\/wp-content\/uploads\/2018\/12\/IMG_9990-1024x683.jpg\" alt=\"\" width=\"1024\" height=\"683\" srcset=\"https:\/\/anprotec.org.br\/site\/wp-content\/uploads\/2018\/12\/IMG_9990-1024x683.jpg 1024w, https:\/\/anprotec.org.br\/site\/wp-content\/uploads\/2018\/12\/IMG_9990-300x200.jpg 300w, https:\/\/anprotec.org.br\/site\/wp-content\/uploads\/2018\/12\/IMG_9990-768x512.jpg 768w, https:\/\/anprotec.org.br\/site\/wp-content\/uploads\/2018\/12\/IMG_9990-219x146.jpg 219w, https:\/\/anprotec.org.br\/site\/wp-content\/uploads\/2018\/12\/IMG_9990-50x33.jpg 50w, https:\/\/anprotec.org.br\/site\/wp-content\/uploads\/2018\/12\/IMG_9990-113x75.jpg 113w, https:\/\/anprotec.org.br\/site\/wp-content\/uploads\/2018\/12\/IMG_9990.jpg 2048w\" sizes=\"(max-width: 1024px) 100vw, 1024px\" \/><p id=\"caption-attachment-27529\" class=\"wp-caption-text\">Entrega dos certificados \u00e0s incubadoras que implementaram o modelo Cerne<\/p><\/div>\n","protected":false},"excerpt":{"rendered":"<p>A Anprotec lan\u00e7ou hoje (6\/12) o novo edital de Credenciamento<span class=\"excerpt-hellip\"> [\u2026]<\/span><\/p>\n","protected":false},"author":10,"featured_media":26037,"comment_status":"closed","ping_status":"closed","sticky":false,"template":"","format":"standard","meta":{"footnotes":"","_links_to":"","_links_to_target":""},"categories":[3],"tags":[],"calendar":[],"_links":{"self":[{"href":"https:\/\/anprotec.org.br\/site\/wp-json\/wp\/v2\/posts\/27522"}],"collection":[{"href":"https:\/\/anprotec.org.br\/site\/wp-json\/wp\/v2\/posts"}],"about":[{"href":"https:\/\/anprotec.org.br\/site\/wp-json\/wp\/v2\/types\/post"}],"author":[{"embeddable":true,"href":"https:\/\/anprotec.org.br\/site\/wp-json\/wp\/v2\/users\/10"}],"replies":[{"embeddable":true,"href":"https:\/\/anprotec.org.br\/site\/wp-json\/wp\/v2\/comments?post=27522"}],"version-history":[{"count":3,"href":"https:\/\/anprotec.org.br\/site\/wp-json\/wp\/v2\/posts\/27522\/revisions"}],"predecessor-version":[{"id":27751,"href":"https:\/\/anprotec.org.br\/site\/wp-json\/wp\/v2\/posts\/27522\/revisions\/27751"}],"wp:featuredmedia":[{"embeddable":true,"href":"https:\/\/anprotec.org.br\/site\/wp-json\/wp\/v2\/media\/26037"}],"wp:attachment":[{"href":"https:\/\/anprotec.org.br\/site\/wp-json\/wp\/v2\/media?parent=27522"}],"wp:term":[{"taxonomy":"category","embeddable":true,"href":"https:\/\/anprotec.org.br\/site\/wp-json\/wp\/v2\/categories?post=27522"},{"taxonomy":"post_tag","embeddable":true,"href":"https:\/\/anprotec.org.br\/site\/wp-json\/wp\/v2\/tags?post=27522"},{"taxonomy":"calendar","embeddable":true,"href":"https:\/\/anprotec.org.br\/site\/wp-json\/wp\/v2\/calendar?post=27522"}],"curies":[{"name":"wp","href":"https:\/\/api.w.org\/{rel}","templated":true}]}}