{"id":27517,"date":"2018-12-06T14:16:44","date_gmt":"2018-12-06T16:16:44","guid":{"rendered":"http:\/\/anprotec.org.br\/site\/?p=27517"},"modified":"2018-12-06T14:21:01","modified_gmt":"2018-12-06T16:21:01","slug":"esta-no-ar-a-nova-edicao-da-locus-cientifico","status":"publish","type":"post","link":"https:\/\/anprotec.org.br\/site\/2018\/12\/esta-no-ar-a-nova-edicao-da-locus-cientifico\/","title":{"rendered":"Est\u00e1 no ar a nova edi\u00e7\u00e3o da Locus Cient\u00edfico"},"content":{"rendered":"<p>Com o objetivo de fomentar reflex\u00f5es, discuss\u00f5es e transforma\u00e7\u00f5es no ecossistema brasileiro de empreendedorismo inovador, a Anprotec, com o apoio do Sebrae, apresenta a segunda edi\u00e7\u00e3o do ano da Revista Locus Cient\u00edfico.<\/p>\n<p>Os artigos t\u00e9cnico-cient\u00edficos originais e trabalhos de revis\u00e3o in\u00e9ditos apresentados foram constru\u00eddos a partir do compartilhamento de conhecimentos, modelos, metodologias e pr\u00e1ticas.<\/p>\n<p>Nesta edi\u00e7\u00e3o, o tema central \u00e9 o agroneg\u00f3cio, que tamb\u00e9m foi abordado na Confer\u00eancia Anprotec, em setembro deste ano.<\/p>\n<p><a href=\"https:\/\/informativo.anprotec.org.br\/revista-locus-cientifico\" target=\"_blank\" rel=\"noopener\">Clique aqui<\/a> e fa\u00e7a o download gratuito da edi\u00e7\u00e3o.<\/p>\n<p><a href=\"https:\/\/informativo.anprotec.org.br\/revista-locus-cientifico\" target=\"_blank\" rel=\"noopener\"><img decoding=\"async\" loading=\"lazy\" class=\"size-full wp-image-27519 aligncenter\" src=\"https:\/\/anprotec.org.br\/site\/wp-content\/uploads\/2018\/12\/Locus-Cient\u00edfico_Facebook.jpg\" alt=\"\" width=\"800\" height=\"800\" srcset=\"https:\/\/anprotec.org.br\/site\/wp-content\/uploads\/2018\/12\/Locus-Cient\u00edfico_Facebook.jpg 800w, https:\/\/anprotec.org.br\/site\/wp-content\/uploads\/2018\/12\/Locus-Cient\u00edfico_Facebook-300x300.jpg 300w, https:\/\/anprotec.org.br\/site\/wp-content\/uploads\/2018\/12\/Locus-Cient\u00edfico_Facebook-768x768.jpg 768w, https:\/\/anprotec.org.br\/site\/wp-content\/uploads\/2018\/12\/Locus-Cient\u00edfico_Facebook-146x146.jpg 146w, https:\/\/anprotec.org.br\/site\/wp-content\/uploads\/2018\/12\/Locus-Cient\u00edfico_Facebook-50x50.jpg 50w, https:\/\/anprotec.org.br\/site\/wp-content\/uploads\/2018\/12\/Locus-Cient\u00edfico_Facebook-75x75.jpg 75w, https:\/\/anprotec.org.br\/site\/wp-content\/uploads\/2018\/12\/Locus-Cient\u00edfico_Facebook-85x85.jpg 85w, https:\/\/anprotec.org.br\/site\/wp-content\/uploads\/2018\/12\/Locus-Cient\u00edfico_Facebook-80x80.jpg 80w\" sizes=\"(max-width: 800px) 100vw, 800px\" \/><\/a><\/p>\n","protected":false},"excerpt":{"rendered":"<p>Com o objetivo de fomentar reflex\u00f5es, discuss\u00f5es e transforma\u00e7\u00f5es no<span class=\"excerpt-hellip\"> [\u2026]<\/span><\/p>\n","protected":false},"author":10,"featured_media":27518,"comment_status":"closed","ping_status":"closed","sticky":false,"template":"","format":"standard","meta":{"footnotes":"","_links_to":"","_links_to_target":""},"categories":[3],"tags":[],"calendar":[],"_links":{"self":[{"href":"https:\/\/anprotec.org.br\/site\/wp-json\/wp\/v2\/posts\/27517"}],"collection":[{"href":"https:\/\/anprotec.org.br\/site\/wp-json\/wp\/v2\/posts"}],"about":[{"href":"https:\/\/anprotec.org.br\/site\/wp-json\/wp\/v2\/types\/post"}],"author":[{"embeddable":true,"href":"https:\/\/anprotec.org.br\/site\/wp-json\/wp\/v2\/users\/10"}],"replies":[{"embeddable":true,"href":"https:\/\/anprotec.org.br\/site\/wp-json\/wp\/v2\/comments?post=27517"}],"version-history":[{"count":1,"href":"https:\/\/anprotec.org.br\/site\/wp-json\/wp\/v2\/posts\/27517\/revisions"}],"predecessor-version":[{"id":27520,"href":"https:\/\/anprotec.org.br\/site\/wp-json\/wp\/v2\/posts\/27517\/revisions\/27520"}],"wp:featuredmedia":[{"embeddable":true,"href":"https:\/\/anprotec.org.br\/site\/wp-json\/wp\/v2\/media\/27518"}],"wp:attachment":[{"href":"https:\/\/anprotec.org.br\/site\/wp-json\/wp\/v2\/media?parent=27517"}],"wp:term":[{"taxonomy":"category","embeddable":true,"href":"https:\/\/anprotec.org.br\/site\/wp-json\/wp\/v2\/categories?post=27517"},{"taxonomy":"post_tag","embeddable":true,"href":"https:\/\/anprotec.org.br\/site\/wp-json\/wp\/v2\/tags?post=27517"},{"taxonomy":"calendar","embeddable":true,"href":"https:\/\/anprotec.org.br\/site\/wp-json\/wp\/v2\/calendar?post=27517"}],"curies":[{"name":"wp","href":"https:\/\/api.w.org\/{rel}","templated":true}]}}