{"id":2728,"date":"2013-06-05T16:32:11","date_gmt":"2013-06-05T19:32:11","guid":{"rendered":"http:\/\/anprotec.org.br\/site\/?p=2728"},"modified":"2013-06-05T16:34:00","modified_gmt":"2013-06-05T19:34:00","slug":"anprotec-realiza-workshop-e-curso-sobre-cerne-3","status":"publish","type":"post","link":"https:\/\/anprotec.org.br\/site\/2013\/06\/anprotec-realiza-workshop-e-curso-sobre-cerne-3\/","title":{"rendered":"Anprotec realiza Workshop e Curso sobre Cerne"},"content":{"rendered":"<p><img decoding=\"async\" loading=\"lazy\" class=\"alignleft size-full wp-image-2729\" alt=\"\" src=\"https:\/\/anprotec.org.br\/site\/wp-content\/uploads\/2013\/06\/curso-e1370460633574.jpg\" width=\"214\" height=\"160\" \/>Foi iniciada nesta quarta-feira (5), em Bras\u00edlia (DF), mais uma rodada de capacita\u00e7\u00e3o &#8211; foto &#8211; sobre o modelo Cerne de gest\u00e3o de incubadoras de empresas. Com o\u00a0objetivo fixar conceitos e explicar a metodologia de implanta\u00e7\u00e3o dos n\u00edveis de maturidade, o Workshop de Nivelamento do Cerne re\u00fane cerca de 40 participantes.<\/p>\n<p style=\"text-align: justify;\">As atividades continuam na quinta-feira (6), com o Curso de Implanta\u00e7\u00e3o do Cerne 1, focado em capacitar os participantes na concep\u00e7\u00e3o, implanta\u00e7\u00e3o e opera\u00e7\u00e3o de sistemas de incuba\u00e7\u00e3o, de forma a possibilitar a gera\u00e7\u00e3o sistem\u00e1tica de inova\u00e7\u00f5es. Dividido em quatro m\u00f3dulos, o Curso se estende at\u00e9 sexta-feira (7), abordando conte\u00fados que v\u00e3o desde a sele\u00e7\u00e3o de empreendimentos inovadores at\u00e9 a sustentabilidade das incubadoras.<\/p>\n<p style=\"text-align: justify;\"><em>Foto: Divulga\u00e7\u00e3o\/Anprotec<\/em><\/p>\n","protected":false},"excerpt":{"rendered":"<p>Associa\u00e7\u00e3o promove mais uma rodada de capacita\u00e7\u00e3o sobre o modelo Cerne de gest\u00e3o de incubadoras de empresas. Atividades iniciaram nesta quarta (5), em Bras\u00edlia (DF), com Workshop de Nivelamento.<\/p>\n","protected":false},"author":8,"featured_media":2729,"comment_status":"open","ping_status":"open","sticky":false,"template":"","format":"standard","meta":{"footnotes":"","_links_to":"","_links_to_target":""},"categories":[3],"tags":[],"calendar":[],"_links":{"self":[{"href":"https:\/\/anprotec.org.br\/site\/wp-json\/wp\/v2\/posts\/2728"}],"collection":[{"href":"https:\/\/anprotec.org.br\/site\/wp-json\/wp\/v2\/posts"}],"about":[{"href":"https:\/\/anprotec.org.br\/site\/wp-json\/wp\/v2\/types\/post"}],"author":[{"embeddable":true,"href":"https:\/\/anprotec.org.br\/site\/wp-json\/wp\/v2\/users\/8"}],"replies":[{"embeddable":true,"href":"https:\/\/anprotec.org.br\/site\/wp-json\/wp\/v2\/comments?post=2728"}],"version-history":[{"count":4,"href":"https:\/\/anprotec.org.br\/site\/wp-json\/wp\/v2\/posts\/2728\/revisions"}],"predecessor-version":[{"id":2731,"href":"https:\/\/anprotec.org.br\/site\/wp-json\/wp\/v2\/posts\/2728\/revisions\/2731"}],"wp:featuredmedia":[{"embeddable":true,"href":"https:\/\/anprotec.org.br\/site\/wp-json\/wp\/v2\/media\/2729"}],"wp:attachment":[{"href":"https:\/\/anprotec.org.br\/site\/wp-json\/wp\/v2\/media?parent=2728"}],"wp:term":[{"taxonomy":"category","embeddable":true,"href":"https:\/\/anprotec.org.br\/site\/wp-json\/wp\/v2\/categories?post=2728"},{"taxonomy":"post_tag","embeddable":true,"href":"https:\/\/anprotec.org.br\/site\/wp-json\/wp\/v2\/tags?post=2728"},{"taxonomy":"calendar","embeddable":true,"href":"https:\/\/anprotec.org.br\/site\/wp-json\/wp\/v2\/calendar?post=2728"}],"curies":[{"name":"wp","href":"https:\/\/api.w.org\/{rel}","templated":true}]}}