{"id":27247,"date":"2018-11-13T14:32:49","date_gmt":"2018-11-13T16:32:49","guid":{"rendered":"http:\/\/anprotec.org.br\/site\/?p=27247"},"modified":"2018-11-13T14:35:06","modified_gmt":"2018-11-13T16:35:06","slug":"nova-edicao-da-revista-locus-esta-no-ar","status":"publish","type":"post","link":"https:\/\/anprotec.org.br\/site\/2018\/11\/nova-edicao-da-revista-locus-esta-no-ar\/","title":{"rendered":"Nova edi\u00e7\u00e3o da Revista Locus est\u00e1 no ar"},"content":{"rendered":"<p>Elaborada pela Anprotec, com apoio do Sebrae, a 84\u00aa edi\u00e7\u00e3o da Revista Locus est\u00e1 sendo lan\u00e7ada hoje, dia 13 de novembro.<\/p>\n<p>Neste ano, pela primeira vez, a Anprotec realizou uma Confer\u00eancia a partir de um tema setorial, o que rompeu com o que a Associa\u00e7\u00e3o vinha fazendo h\u00e1 alguns anos. O agroneg\u00f3cio foi colocado em foco, como protagonista do movimento de empreendedorismo inovador, e isso trouxe \u00f3timos insights, bons questionamentos e debates que v\u00e3o al\u00e9m do campo da inova\u00e7\u00e3o, tecnologia e ci\u00eancia. Por conta destes bons resultados, e para manter o compromisso de informar e incentivar o debate de importantes quest\u00f5es para o movimento, a 84\u00aa edi\u00e7\u00e3o da Locus apresenta os principais aprendizados deste evento.<\/p>\n<p>Em 2017, o agroneg\u00f3cio contribuiu com 23,5% do Produto Interno Bruto (PIB) brasileiro, a maior participa\u00e7\u00e3o em 13 anos, segundo a Confedera\u00e7\u00e3o da Agricultura e Pecu\u00e1ria do Brasil (CNA). Isso demonstra um cen\u00e1rio promissor para as chamadas \u201cAgritechs\u201d e abre portas para os novos empreendedores.<\/p>\n<p>Essa edi\u00e7\u00e3o tamb\u00e9m conta com reportagens e entrevistas sobre internacionaliza\u00e7\u00e3o, empreendedorismo de impacto, investidores anjo e sua legisla\u00e7\u00e3o, lei de inform\u00e1tica, etc.<\/p>\n<p>A edi\u00e7\u00e3o tem por objetivo esclarecer poss\u00edveis quest\u00f5es e colaborar para o desenvolvimento de processos, institui\u00e7\u00f5es, e do pa\u00eds como um todo.<\/p>\n<p>A Revista Locus \u00e9 online e gratuita. Para acess\u00e1-la,<strong>\u00a0<a href=\"https:\/\/informativo.anprotec.org.br\/locus-edicao-84\" target=\"_blank\" rel=\"noopener\">clique aqui<\/a>.<\/strong><\/p>\n<p>&nbsp;<\/p>\n<p><a href=\"https:\/\/informativo.anprotec.org.br\/locus-edicao-84\"><img decoding=\"async\" loading=\"lazy\" class=\"aligncenter wp-image-27248 size-full\" src=\"https:\/\/anprotec.org.br\/site\/wp-content\/uploads\/2018\/11\/img-redes-sociais-Locus.jpg\" alt=\"\" width=\"800\" height=\"800\" srcset=\"https:\/\/anprotec.org.br\/site\/wp-content\/uploads\/2018\/11\/img-redes-sociais-Locus.jpg 800w, https:\/\/anprotec.org.br\/site\/wp-content\/uploads\/2018\/11\/img-redes-sociais-Locus-300x300.jpg 300w, https:\/\/anprotec.org.br\/site\/wp-content\/uploads\/2018\/11\/img-redes-sociais-Locus-768x768.jpg 768w, https:\/\/anprotec.org.br\/site\/wp-content\/uploads\/2018\/11\/img-redes-sociais-Locus-146x146.jpg 146w, https:\/\/anprotec.org.br\/site\/wp-content\/uploads\/2018\/11\/img-redes-sociais-Locus-50x50.jpg 50w, https:\/\/anprotec.org.br\/site\/wp-content\/uploads\/2018\/11\/img-redes-sociais-Locus-75x75.jpg 75w, https:\/\/anprotec.org.br\/site\/wp-content\/uploads\/2018\/11\/img-redes-sociais-Locus-85x85.jpg 85w, https:\/\/anprotec.org.br\/site\/wp-content\/uploads\/2018\/11\/img-redes-sociais-Locus-80x80.jpg 80w\" sizes=\"(max-width: 800px) 100vw, 800px\" \/><\/a><\/p>\n","protected":false},"excerpt":{"rendered":"<p>Elaborada pela Anprotec, com apoio do Sebrae, a 84\u00aa edi\u00e7\u00e3o<span class=\"excerpt-hellip\"> [\u2026]<\/span><\/p>\n","protected":false},"author":10,"featured_media":27249,"comment_status":"closed","ping_status":"closed","sticky":false,"template":"","format":"standard","meta":{"footnotes":"","_links_to":"","_links_to_target":""},"categories":[3],"tags":[],"calendar":[],"_links":{"self":[{"href":"https:\/\/anprotec.org.br\/site\/wp-json\/wp\/v2\/posts\/27247"}],"collection":[{"href":"https:\/\/anprotec.org.br\/site\/wp-json\/wp\/v2\/posts"}],"about":[{"href":"https:\/\/anprotec.org.br\/site\/wp-json\/wp\/v2\/types\/post"}],"author":[{"embeddable":true,"href":"https:\/\/anprotec.org.br\/site\/wp-json\/wp\/v2\/users\/10"}],"replies":[{"embeddable":true,"href":"https:\/\/anprotec.org.br\/site\/wp-json\/wp\/v2\/comments?post=27247"}],"version-history":[{"count":2,"href":"https:\/\/anprotec.org.br\/site\/wp-json\/wp\/v2\/posts\/27247\/revisions"}],"predecessor-version":[{"id":27251,"href":"https:\/\/anprotec.org.br\/site\/wp-json\/wp\/v2\/posts\/27247\/revisions\/27251"}],"wp:featuredmedia":[{"embeddable":true,"href":"https:\/\/anprotec.org.br\/site\/wp-json\/wp\/v2\/media\/27249"}],"wp:attachment":[{"href":"https:\/\/anprotec.org.br\/site\/wp-json\/wp\/v2\/media?parent=27247"}],"wp:term":[{"taxonomy":"category","embeddable":true,"href":"https:\/\/anprotec.org.br\/site\/wp-json\/wp\/v2\/categories?post=27247"},{"taxonomy":"post_tag","embeddable":true,"href":"https:\/\/anprotec.org.br\/site\/wp-json\/wp\/v2\/tags?post=27247"},{"taxonomy":"calendar","embeddable":true,"href":"https:\/\/anprotec.org.br\/site\/wp-json\/wp\/v2\/calendar?post=27247"}],"curies":[{"name":"wp","href":"https:\/\/api.w.org\/{rel}","templated":true}]}}