{"id":27124,"date":"2018-10-25T14:57:43","date_gmt":"2018-10-25T17:57:43","guid":{"rendered":"http:\/\/anprotec.org.br\/site\/?p=27124"},"modified":"2020-04-10T14:47:04","modified_gmt":"2020-04-10T17:47:04","slug":"feira-de-negocios-do-shell-iniciativa-jovem-focada-na-cultura-empreendedora-acontece-no-dia-5-de-novembro-no-rio-de-janeiro","status":"publish","type":"post","link":"https:\/\/anprotec.org.br\/site\/2018\/10\/feira-de-negocios-do-shell-iniciativa-jovem-focada-na-cultura-empreendedora-acontece-no-dia-5-de-novembro-no-rio-de-janeiro\/","title":{"rendered":"Evento focado na cultura empreendedora acontece dia 5\/11 no Rio de Janeiro"},"content":{"rendered":"<p><img decoding=\"async\" loading=\"lazy\" class=\"alignleft size-thumbnail wp-image-27125\" src=\"https:\/\/anprotec.org.br\/site\/wp-content\/uploads\/2018\/10\/shell-iniciativa-270x160.jpg\" alt=\"\" width=\"270\" height=\"160\" \/>Ap\u00f3s meses de capacita\u00e7\u00e3o, mentorias e tutorias, os 55 aprovados da turma do Shell Iniciativa Jovem ir\u00e3o expor para o p\u00fablico suas iniciativas empreendedoras na\u00a0<strong>Feira de Neg\u00f3cios.<\/strong><\/p>\n<p>Em 2017 foram mais de 700 pessoas que passaram pelo\u00a0<a href=\"https:\/\/museudoamanha.org.br\/\">Museu do Amanh\u00e3<\/a>\u00a0para prestigiar os participantes.<\/p>\n<p>\u00c9 uma tarde de troca de conhecimento, networking e muito, mas\u00a0<strong>muito<\/strong>\u00a0empreendedorismo.<\/p>\n<p>Ao final do dia, \u00e9 a hora da premia\u00e7\u00e3o: o primeiro lugar recebe R$8.000,00, o segundo R$6.000,00 e o terceiro R$4.000,00 para investir em seus neg\u00f3cios. Al\u00e9m disso, outros cinco empreendimentos ganham o valor de R$2.500,00.<\/p>\n<p>Mas n\u00e3o para por a\u00ed! H\u00e1 outro pr\u00eamio que tamb\u00e9m \u00e9 importante: o Pr\u00eamio Popular, em que o vencedor \u00e9 escolhido pelo p\u00fablico e recebe R$2.000,00.<\/p>\n<p>Nesta edi\u00e7\u00e3o h\u00e1 tamb\u00e9m uma novidade: os selecionados atrav\u00e9s do\u00a0<a href=\"https:\/\/www.iniciativajovem.org.br\/noticias\/detalhe\/edital-de-energia-shell-seleciona-10-empreendimentos-e-da-inicio-a-programa-de-aceleracao\">edital de energia<\/a>\u00a0concorrer\u00e3o a R$15.000,00 em um evento fechado que acontecer\u00e1 simultaneamente \u00e0 Feira de Neg\u00f3cios. Os fundadores das dez startups voltadas para energia e\u00a0<em>smart cities\u00a0<\/em>tamb\u00e9m receberam tutorias e mentorias, al\u00e9m de oficinas gerenciais.<\/p>\n<p>Alguns dos primeiros lugares nos \u00faltimos anos foram:<\/p>\n<p>&#8211;\u00a0<a href=\"https:\/\/www.facebook.com\/mulheresdosulglobal\/\">Mulheres do Sul Global<\/a><\/p>\n<p>&#8211;\u00a0<a href=\"https:\/\/cicloorganico.com.br\/\">Ciclo Org\u00e2nico<\/a><\/p>\n<p>&#8211;\u00a0<a href=\"https:\/\/insolar.eco.br\/\">Insolar<\/a><\/p>\n<p>&#8211;\u00a0<a href=\"http:\/\/nostodos.com.br\/\">N\u00f3s Todos Filmes<\/a><\/p>\n<p>Participe da Feira de Neg\u00f3cios do Shell Iniciativa Jovem! O evento acontecer\u00e1 no Museu do Amanh\u00e3, dia 5 de novembro e \u00e9 totalmente gratuito.<\/p>\n","protected":false},"excerpt":{"rendered":"<p>Ap\u00f3s meses de capacita\u00e7\u00e3o, mentorias e tutorias, os 55 aprovados<span class=\"excerpt-hellip\"> [\u2026]<\/span><\/p>\n","protected":false},"author":10,"featured_media":27125,"comment_status":"closed","ping_status":"closed","sticky":false,"template":"","format":"standard","meta":{"footnotes":"","_links_to":"","_links_to_target":""},"categories":[3],"tags":[],"calendar":[],"_links":{"self":[{"href":"https:\/\/anprotec.org.br\/site\/wp-json\/wp\/v2\/posts\/27124"}],"collection":[{"href":"https:\/\/anprotec.org.br\/site\/wp-json\/wp\/v2\/posts"}],"about":[{"href":"https:\/\/anprotec.org.br\/site\/wp-json\/wp\/v2\/types\/post"}],"author":[{"embeddable":true,"href":"https:\/\/anprotec.org.br\/site\/wp-json\/wp\/v2\/users\/10"}],"replies":[{"embeddable":true,"href":"https:\/\/anprotec.org.br\/site\/wp-json\/wp\/v2\/comments?post=27124"}],"version-history":[{"count":3,"href":"https:\/\/anprotec.org.br\/site\/wp-json\/wp\/v2\/posts\/27124\/revisions"}],"predecessor-version":[{"id":27138,"href":"https:\/\/anprotec.org.br\/site\/wp-json\/wp\/v2\/posts\/27124\/revisions\/27138"}],"wp:featuredmedia":[{"embeddable":true,"href":"https:\/\/anprotec.org.br\/site\/wp-json\/wp\/v2\/media\/27125"}],"wp:attachment":[{"href":"https:\/\/anprotec.org.br\/site\/wp-json\/wp\/v2\/media?parent=27124"}],"wp:term":[{"taxonomy":"category","embeddable":true,"href":"https:\/\/anprotec.org.br\/site\/wp-json\/wp\/v2\/categories?post=27124"},{"taxonomy":"post_tag","embeddable":true,"href":"https:\/\/anprotec.org.br\/site\/wp-json\/wp\/v2\/tags?post=27124"},{"taxonomy":"calendar","embeddable":true,"href":"https:\/\/anprotec.org.br\/site\/wp-json\/wp\/v2\/calendar?post=27124"}],"curies":[{"name":"wp","href":"https:\/\/api.w.org\/{rel}","templated":true}]}}