{"id":27102,"date":"2018-10-23T11:34:02","date_gmt":"2018-10-23T14:34:02","guid":{"rendered":"http:\/\/anprotec.org.br\/site\/?p=27102"},"modified":"2020-04-10T14:47:04","modified_gmt":"2020-04-10T17:47:04","slug":"pontes-para-inovacao-tem-inscricoes-prorrogadas","status":"publish","type":"post","link":"https:\/\/anprotec.org.br\/site\/2018\/10\/pontes-para-inovacao-tem-inscricoes-prorrogadas\/","title":{"rendered":"Pontes para Inova\u00e7\u00e3o t\u00eam inscri\u00e7\u00f5es prorrogadas"},"content":{"rendered":"<p><img decoding=\"async\" loading=\"lazy\" class=\"alignleft size-thumbnail wp-image-26914\" src=\"https:\/\/anprotec.org.br\/site\/wp-content\/uploads\/2018\/10\/post-270x160.png\" alt=\"\" width=\"270\" height=\"160\" \/> As inscri\u00e7\u00f5es para a chamada \u201c<a href=\"http:\/\/www.pontesparainovacao.com.br\/\">Pontes para Inova\u00e7\u00e3o<\/a>\u201d\u00a0prosseguem at\u00e9 28 de outubro. A iniciativa de fomento \u00e0 inova\u00e7\u00e3o \u00e9 uma oportunidade para empresas privadas e startups que adotam tecnologia da Embrapa, ou t\u00eam planos de expans\u00e3o por meio de ativo tecnol\u00f3gico desenvolvido ou em desenvolvimento em conjunto com a Embrapa. Lan\u00e7ada em 2017 pela Embrapa e Cedro Capital, a chamada chega \u00e0 segunda edi\u00e7\u00e3o com participa\u00e7\u00e3o tamb\u00e9m da gestora de fundos de investimento SP Ventures, das aceleradoras Cotidiano e Acceleratus. Al\u00e9m da possibilidade de captar investimentos, as empresas selecionadas poder\u00e3o negociar sua instala\u00e7\u00e3o no Parque Tecnol\u00f3gico de Bras\u00edlia (BioTIC).<\/p>\n<p>Por meio da chamada \u201cPontes para Inova\u00e7\u00e3o\u201d, as empresas adotantes de tecnologias da Embrapa passar\u00e3o por an\u00e1lise de potencial investimento para acelera\u00e7\u00e3o e expans\u00e3o do neg\u00f3cio com aporte de at\u00e9 R$ 6 milh\u00f5es de fundo de investimento gerido pelos investidores e aceleradoras apoiadores do programa.<\/p>\n<p>\u201cEm n\u00edvel mundial, o Brasil \u00e9 uma pot\u00eancia do agroneg\u00f3cio, por isso muitas startups come\u00e7am a ver a grande oportunidade de desenvolver solu\u00e7\u00f5es inovadoras para o setor agropecu\u00e1rio. Nesta chamada, poder\u00e3o participar empresas sediadas em quaisquer regi\u00f5es do Brasil, que adotam tecnologia Embrapa ou que tenham inten\u00e7\u00e3o de desenvolver inova\u00e7\u00f5es com a Embrapa\u201d, destaca Ana L\u00facia Atrasas, analista da Secretaria de Inova\u00e7\u00e3o e Neg\u00f3cios da Embrapa.<\/p>\n<p><strong>Sele\u00e7\u00e3o das empresas<\/strong><\/p>\n<p>A sele\u00e7\u00e3o das empresas, realizada em quatro etapas, inicia com as informa\u00e7\u00f5es fornecidas na inscri\u00e7\u00e3o. A avalia\u00e7\u00e3o levar\u00e1 em conta o maior potencial de acelera\u00e7\u00e3o e expans\u00e3o do neg\u00f3cio. Os requisitos para as empresas participarem e o cronograma com as quatro etapas da sele\u00e7\u00e3o est\u00e3o listados no regulamento\u00a0<a href=\"http:\/\/www.pontesparainovacao.com.br\/\">dispon\u00edvel aqui<\/a>. Ap\u00f3s o per\u00edodo de inscri\u00e7\u00f5es, os organizadores da Chamada far\u00e3o a avalia\u00e7\u00e3o das empresas e selecionar\u00e3o um conjunto de empresas que passar\u00e3o para a pr\u00f3xima etapa (Empresas Qualificadas).<\/p>\n<p>J\u00e1 na etapa de sele\u00e7\u00e3o das finalistas, as empresas qualificadas ser\u00e3o convidadas a fazer uma apresenta\u00e7\u00e3o detalhada de seus neg\u00f3cios, presencial ou por videoconfer\u00eancia, podendo conter detalhamento de alguns requisitos j\u00e1 informados previamente, informa\u00e7\u00f5es novas sobre outros aspectos identificados pelos organizadores ou ainda um v\u00eddeo de apresenta\u00e7\u00e3o da empresa gravado pelos empreendedores.<\/p>\n","protected":false},"excerpt":{"rendered":"<p>As inscri\u00e7\u00f5es para a chamada \u201cPontes para Inova\u00e7\u00e3o\u201d\u00a0prosseguem at\u00e9 28<span class=\"excerpt-hellip\"> [\u2026]<\/span><\/p>\n","protected":false},"author":10,"featured_media":27103,"comment_status":"closed","ping_status":"closed","sticky":false,"template":"","format":"standard","meta":{"footnotes":"","_links_to":"","_links_to_target":""},"categories":[3],"tags":[],"calendar":[],"_links":{"self":[{"href":"https:\/\/anprotec.org.br\/site\/wp-json\/wp\/v2\/posts\/27102"}],"collection":[{"href":"https:\/\/anprotec.org.br\/site\/wp-json\/wp\/v2\/posts"}],"about":[{"href":"https:\/\/anprotec.org.br\/site\/wp-json\/wp\/v2\/types\/post"}],"author":[{"embeddable":true,"href":"https:\/\/anprotec.org.br\/site\/wp-json\/wp\/v2\/users\/10"}],"replies":[{"embeddable":true,"href":"https:\/\/anprotec.org.br\/site\/wp-json\/wp\/v2\/comments?post=27102"}],"version-history":[{"count":2,"href":"https:\/\/anprotec.org.br\/site\/wp-json\/wp\/v2\/posts\/27102\/revisions"}],"predecessor-version":[{"id":27105,"href":"https:\/\/anprotec.org.br\/site\/wp-json\/wp\/v2\/posts\/27102\/revisions\/27105"}],"wp:featuredmedia":[{"embeddable":true,"href":"https:\/\/anprotec.org.br\/site\/wp-json\/wp\/v2\/media\/27103"}],"wp:attachment":[{"href":"https:\/\/anprotec.org.br\/site\/wp-json\/wp\/v2\/media?parent=27102"}],"wp:term":[{"taxonomy":"category","embeddable":true,"href":"https:\/\/anprotec.org.br\/site\/wp-json\/wp\/v2\/categories?post=27102"},{"taxonomy":"post_tag","embeddable":true,"href":"https:\/\/anprotec.org.br\/site\/wp-json\/wp\/v2\/tags?post=27102"},{"taxonomy":"calendar","embeddable":true,"href":"https:\/\/anprotec.org.br\/site\/wp-json\/wp\/v2\/calendar?post=27102"}],"curies":[{"name":"wp","href":"https:\/\/api.w.org\/{rel}","templated":true}]}}