{"id":27075,"date":"2018-10-17T15:47:08","date_gmt":"2018-10-17T18:47:08","guid":{"rendered":"http:\/\/anprotec.org.br\/site\/?p=27075"},"modified":"2020-04-10T14:47:04","modified_gmt":"2020-04-10T17:47:04","slug":"ii-encontro-internacional-de-empreendedorismo-e-inovacao-em-saude-reune-palestrantes-internacionais-para-debater-sobre-tecnologia-na-area-da-saude","status":"publish","type":"post","link":"https:\/\/anprotec.org.br\/site\/2018\/10\/ii-encontro-internacional-de-empreendedorismo-e-inovacao-em-saude-reune-palestrantes-internacionais-para-debater-sobre-tecnologia-na-area-da-saude\/","title":{"rendered":"II Encontro Internacional de Empreendedorismo e Inova\u00e7\u00e3o em Sa\u00fade re\u00fane palestrantes internacionais"},"content":{"rendered":"<p style=\"text-align: justify\"><img decoding=\"async\" loading=\"lazy\" class=\"alignleft size-thumbnail wp-image-27076\" src=\"https:\/\/anprotec.org.br\/site\/wp-content\/uploads\/2018\/10\/capa-270x160.png\" alt=\"\" width=\"270\" height=\"160\" \/>No dia 31 de outubro, em S\u00e3o Paulo, acontece o 2\u00ba Encontro Internacional de Empreendedorismo e Inova\u00e7\u00e3o em Sa\u00fade, realizado pelo Hospital Israelita Albert Einstein.<\/p>\n<p style=\"text-align: justify\">Ser\u00e3o abordados temas relacionados a inova\u00e7\u00e3o em sa\u00fade, palestras e cases das principais refer\u00eancias nacionais e internacionais.<\/p>\n<p style=\"text-align: justify\">O evento ter\u00e1 ainda a realiza\u00e7\u00e3o simult\u00e2nea do 8\u00ba Circuito Einstein de Startups, encontro voltado para apresentar empresas inovadoras da \u00e1rea de sa\u00fade que desenvolvem solu\u00e7\u00f5es disruptivas para o setor.<\/p>\n<p style=\"text-align: justify\">\u00a0A primeira edi\u00e7\u00e3o contou com mais de 540 participantes, 250 startups, representantes de hospitais e centros de inova\u00e7\u00e3o em sa\u00fade do Brasil, Estados Unidos, Holanda e Israel, fundos de Venture Capital e financiadores p\u00fablicos como BNDES e FINEP.<\/p>\n<p style=\"text-align: justify\"><a href=\"https:\/\/encontroempreendedorismo.inovaeinstein.com.br\/?utm_campaign=apoio&amp;utm_medium=email&amp;utm_source=apoio\" target=\"_blank\" rel=\"noopener\">Clique aqui<\/a> para conferir a programa\u00e7\u00e3o completa e adquirir seu ingresso com valor promocional at\u00e9 24\/10.<\/p>\n","protected":false},"excerpt":{"rendered":"<p>No dia 31 de outubro, em S\u00e3o Paulo, acontece o<span class=\"excerpt-hellip\"> [\u2026]<\/span><\/p>\n","protected":false},"author":10,"featured_media":27076,"comment_status":"closed","ping_status":"closed","sticky":false,"template":"","format":"standard","meta":{"footnotes":"","_links_to":"","_links_to_target":""},"categories":[3],"tags":[],"calendar":[],"_links":{"self":[{"href":"https:\/\/anprotec.org.br\/site\/wp-json\/wp\/v2\/posts\/27075"}],"collection":[{"href":"https:\/\/anprotec.org.br\/site\/wp-json\/wp\/v2\/posts"}],"about":[{"href":"https:\/\/anprotec.org.br\/site\/wp-json\/wp\/v2\/types\/post"}],"author":[{"embeddable":true,"href":"https:\/\/anprotec.org.br\/site\/wp-json\/wp\/v2\/users\/10"}],"replies":[{"embeddable":true,"href":"https:\/\/anprotec.org.br\/site\/wp-json\/wp\/v2\/comments?post=27075"}],"version-history":[{"count":2,"href":"https:\/\/anprotec.org.br\/site\/wp-json\/wp\/v2\/posts\/27075\/revisions"}],"predecessor-version":[{"id":27093,"href":"https:\/\/anprotec.org.br\/site\/wp-json\/wp\/v2\/posts\/27075\/revisions\/27093"}],"wp:featuredmedia":[{"embeddable":true,"href":"https:\/\/anprotec.org.br\/site\/wp-json\/wp\/v2\/media\/27076"}],"wp:attachment":[{"href":"https:\/\/anprotec.org.br\/site\/wp-json\/wp\/v2\/media?parent=27075"}],"wp:term":[{"taxonomy":"category","embeddable":true,"href":"https:\/\/anprotec.org.br\/site\/wp-json\/wp\/v2\/categories?post=27075"},{"taxonomy":"post_tag","embeddable":true,"href":"https:\/\/anprotec.org.br\/site\/wp-json\/wp\/v2\/tags?post=27075"},{"taxonomy":"calendar","embeddable":true,"href":"https:\/\/anprotec.org.br\/site\/wp-json\/wp\/v2\/calendar?post=27075"}],"curies":[{"name":"wp","href":"https:\/\/api.w.org\/{rel}","templated":true}]}}