{"id":27066,"date":"2018-10-17T13:16:07","date_gmt":"2018-10-17T16:16:07","guid":{"rendered":"http:\/\/anprotec.org.br\/site\/?p=27066"},"modified":"2018-10-17T13:17:02","modified_gmt":"2018-10-17T16:17:02","slug":"anprotec-e-inpi-assinam-acordo-para-disseminacao-da-propriedade-industrial","status":"publish","type":"post","link":"https:\/\/anprotec.org.br\/site\/2018\/10\/anprotec-e-inpi-assinam-acordo-para-disseminacao-da-propriedade-industrial\/","title":{"rendered":"Anprotec e INPI assinam acordo para dissemina\u00e7\u00e3o da Propriedade Industrial"},"content":{"rendered":"<p style=\"text-align: justify\"><img decoding=\"async\" loading=\"lazy\" class=\"alignleft size-thumbnail wp-image-27067\" src=\"https:\/\/anprotec.org.br\/site\/wp-content\/uploads\/2018\/10\/2-anprotec2-270x160.jpg\" alt=\"\" width=\"270\" height=\"160\" \/>O presidente da Anprotec, Jos\u00e9 Alberto Sampaio Aranha e o presidente do Instituto Nacional da Propriedade Industrial (INPI), Luiz Ot\u00e1vio Pimentel,\u00a0 assinaram na \u00faltima quinta feira, dia 11 de outubro, um acordo de coopera\u00e7\u00e3o para dissemina\u00e7\u00e3o da cultura de Propriedade Industrial.<\/p>\n<p style=\"text-align: justify\">O acordo tem o objetivo de estimular o uso da informa\u00e7\u00e3o tecnol\u00f3gica contida nos documentos de patentes e ampliar o conhecimento sobre PI nos Parques Tecnol\u00f3gicos associados \u00e0 Anprotec.<\/p>\n<p style=\"text-align: justify\">No escopo do acordo de coopera\u00e7\u00e3o, tamb\u00e9m est\u00e1 prevista a capacita\u00e7\u00e3o de servidores do INPI em \u00e1reas de fronteira tecnol\u00f3gica.<\/p>\n","protected":false},"excerpt":{"rendered":"<p>O presidente da Anprotec, Jos\u00e9 Alberto Sampaio Aranha e o<span class=\"excerpt-hellip\"> [\u2026]<\/span><\/p>\n","protected":false},"author":10,"featured_media":27068,"comment_status":"closed","ping_status":"closed","sticky":false,"template":"","format":"standard","meta":{"footnotes":"","_links_to":"","_links_to_target":""},"categories":[3],"tags":[],"calendar":[],"_links":{"self":[{"href":"https:\/\/anprotec.org.br\/site\/wp-json\/wp\/v2\/posts\/27066"}],"collection":[{"href":"https:\/\/anprotec.org.br\/site\/wp-json\/wp\/v2\/posts"}],"about":[{"href":"https:\/\/anprotec.org.br\/site\/wp-json\/wp\/v2\/types\/post"}],"author":[{"embeddable":true,"href":"https:\/\/anprotec.org.br\/site\/wp-json\/wp\/v2\/users\/10"}],"replies":[{"embeddable":true,"href":"https:\/\/anprotec.org.br\/site\/wp-json\/wp\/v2\/comments?post=27066"}],"version-history":[{"count":2,"href":"https:\/\/anprotec.org.br\/site\/wp-json\/wp\/v2\/posts\/27066\/revisions"}],"predecessor-version":[{"id":27070,"href":"https:\/\/anprotec.org.br\/site\/wp-json\/wp\/v2\/posts\/27066\/revisions\/27070"}],"wp:featuredmedia":[{"embeddable":true,"href":"https:\/\/anprotec.org.br\/site\/wp-json\/wp\/v2\/media\/27068"}],"wp:attachment":[{"href":"https:\/\/anprotec.org.br\/site\/wp-json\/wp\/v2\/media?parent=27066"}],"wp:term":[{"taxonomy":"category","embeddable":true,"href":"https:\/\/anprotec.org.br\/site\/wp-json\/wp\/v2\/categories?post=27066"},{"taxonomy":"post_tag","embeddable":true,"href":"https:\/\/anprotec.org.br\/site\/wp-json\/wp\/v2\/tags?post=27066"},{"taxonomy":"calendar","embeddable":true,"href":"https:\/\/anprotec.org.br\/site\/wp-json\/wp\/v2\/calendar?post=27066"}],"curies":[{"name":"wp","href":"https:\/\/api.w.org\/{rel}","templated":true}]}}