{"id":26999,"date":"2018-09-21T13:43:12","date_gmt":"2018-09-21T16:43:12","guid":{"rendered":"http:\/\/anprotec.org.br\/site\/?p=26999"},"modified":"2018-10-05T13:45:07","modified_gmt":"2018-10-05T16:45:07","slug":"diferentes-atores-do-ecossistema-de-inovacao-falam-sobre-cases-de-agritech","status":"publish","type":"post","link":"https:\/\/anprotec.org.br\/site\/2018\/09\/diferentes-atores-do-ecossistema-de-inovacao-falam-sobre-cases-de-agritech\/","title":{"rendered":"Diferentes atores do ecossistema de inova\u00e7\u00e3o falam sobre cases de Agritech"},"content":{"rendered":"<p style=\"text-align: justify\"><img decoding=\"async\" loading=\"lazy\" class=\"alignleft size-thumbnail wp-image-27000\" src=\"https:\/\/anprotec.org.br\/site\/wp-content\/uploads\/2018\/10\/anprotec-270x160.png\" alt=\"\" width=\"270\" height=\"160\" \/>No terceiro dia de Confer\u00eancia Anprotec, 19 de setembro, acontece a Sess\u00e3o Plen\u00e1ria \u201cAprendendo com Cases de Sucesso Agritech\u201d, que contou com a participa\u00e7\u00e3o do gestor de novos modelos de neg\u00f3cios da Incubadora InovaJab, Diego Silva Siqueira, do s\u00f3cio fundador da SP Ventures, Francisco Jardim, do CEO da Treevia Forest Technologies, Esthevan Gasparoto, e do ex-presidente da Anprotec e diretor de tecnologia da Funda\u00e7\u00e3o de Amparo \u00e0 Pesquisa do Estado do Rio de Janeiro (FAPERJ), Maur\u00edcio Guedes, como moderador.<\/p>\n<p style=\"text-align: justify\">O debate apresentou exemplos do que est\u00e1 sendo feito na \u00e1rea de tecnologia e inova\u00e7\u00e3o para o agroneg\u00f3cio, com cases de diferentes atores do ecossistema de inova\u00e7\u00e3o.<\/p>\n<p style=\"text-align: justify\">Diego Silveira iniciou a sua participa\u00e7\u00e3o falando sobre o ecossistema de inova\u00e7\u00e3o de Jaboticabal, cidade na qual a InovaJab est\u00e1 instalada. De acordo com ele, os principais focos da incubadora s\u00e3o agroneg\u00f3cio, meio ambiente, e biotecnologia, que se dividem em temas como bioenergia, automa\u00e7\u00e3o, equipamentos, processos e servi\u00e7os.<\/p>\n<p style=\"text-align: justify\">\u201c\u00c9 importante entendermos o valor do nosso neg\u00f3cio. Qual \u00e9 o impacto dele no mundo? Quais investidores est\u00e3o antenados nesse tipo de impacto? \u00c9 importante mapear e definir uma estrat\u00e9gia para criar as conex\u00f5es certas. Nesse caminho de conex\u00f5es com investidores, alguns projetos e institui\u00e7\u00f5es podem ajudar, tornando sua abordagem e contatos mais assertivos, como a Anprotec, a ABStartups, e a Desenvolve SP, por exemplo\u201d, disse Silveira.<\/p>\n<p style=\"text-align: justify\">De acordo com Francisco Jardim, o Brasil \u00e9 o maior exportador mundial de sete dos mais relevantes produtos agr\u00edcolas comercializados internacionalmente (soja, carne bovina, carne de frango, a\u00e7\u00facar, etanol, laranja, e carne su\u00edna), e o segundo maior em milho.<\/p>\n<p style=\"text-align: justify\">Ele tamb\u00e9m destacou a relevante atua\u00e7\u00e3o do pa\u00eds em pesquisa cient\u00edfica no agroneg\u00f3cio e apresentou as startups da \u00e1rea incentivadas pela SP Ventures.<\/p>\n<p style=\"text-align: justify\">E Esthevan Gasparoto apresentou a Treevia Forest Technologies, agritech que prov\u00e9m\u00a0informa\u00e7\u00f5es para a gest\u00e3o de ativos florestais p\u00fablicos ou privados por meio de um sistema chamado SmartForest.<\/p>\n<p style=\"text-align: justify\">A plataforma \u00e9 capaz de monitorar ao longo de todo o ciclo produtivo das florestas, informa\u00e7\u00f5es de crescimento, qualidade e sanidade das \u00e1rvores. Al\u00e9m disso, por meio da integra\u00e7\u00e3o de sensores ambientais, ela \u00e9 capaz de entender de que maneira as vari\u00e1veis clim\u00e1ticas interferem no desenvolvimento das florestas.<\/p>\n<p style=\"text-align: justify\">Fundada em 2006, a\u00a0plataforma funciona no modelo de software como servi\u00e7o. Os valores\u00a0e n\u00edveis de acesso variam conforme o plano contratado e, consequentemente, o tamanho do ativo florestal.<\/p>\n","protected":false},"excerpt":{"rendered":"<p>No terceiro dia de Confer\u00eancia Anprotec, 19 de setembro, acontece<span class=\"excerpt-hellip\"> [\u2026]<\/span><\/p>\n","protected":false},"author":10,"featured_media":27000,"comment_status":"closed","ping_status":"closed","sticky":false,"template":"","format":"standard","meta":{"footnotes":"","_links_to":"","_links_to_target":""},"categories":[3],"tags":[],"calendar":[],"_links":{"self":[{"href":"https:\/\/anprotec.org.br\/site\/wp-json\/wp\/v2\/posts\/26999"}],"collection":[{"href":"https:\/\/anprotec.org.br\/site\/wp-json\/wp\/v2\/posts"}],"about":[{"href":"https:\/\/anprotec.org.br\/site\/wp-json\/wp\/v2\/types\/post"}],"author":[{"embeddable":true,"href":"https:\/\/anprotec.org.br\/site\/wp-json\/wp\/v2\/users\/10"}],"replies":[{"embeddable":true,"href":"https:\/\/anprotec.org.br\/site\/wp-json\/wp\/v2\/comments?post=26999"}],"version-history":[{"count":1,"href":"https:\/\/anprotec.org.br\/site\/wp-json\/wp\/v2\/posts\/26999\/revisions"}],"predecessor-version":[{"id":27001,"href":"https:\/\/anprotec.org.br\/site\/wp-json\/wp\/v2\/posts\/26999\/revisions\/27001"}],"wp:featuredmedia":[{"embeddable":true,"href":"https:\/\/anprotec.org.br\/site\/wp-json\/wp\/v2\/media\/27000"}],"wp:attachment":[{"href":"https:\/\/anprotec.org.br\/site\/wp-json\/wp\/v2\/media?parent=26999"}],"wp:term":[{"taxonomy":"category","embeddable":true,"href":"https:\/\/anprotec.org.br\/site\/wp-json\/wp\/v2\/categories?post=26999"},{"taxonomy":"post_tag","embeddable":true,"href":"https:\/\/anprotec.org.br\/site\/wp-json\/wp\/v2\/tags?post=26999"},{"taxonomy":"calendar","embeddable":true,"href":"https:\/\/anprotec.org.br\/site\/wp-json\/wp\/v2\/calendar?post=26999"}],"curies":[{"name":"wp","href":"https:\/\/api.w.org\/{rel}","templated":true}]}}