{"id":26895,"date":"2018-09-28T12:02:06","date_gmt":"2018-09-28T15:02:06","guid":{"rendered":"http:\/\/anprotec.org.br\/site\/?p=26895"},"modified":"2018-09-28T12:02:06","modified_gmt":"2018-09-28T15:02:06","slug":"telefones-da-anprotec-estarao-inoperantes-neste-fim-de-semana-devido-a-mudanca-de-sede","status":"publish","type":"post","link":"https:\/\/anprotec.org.br\/site\/2018\/09\/telefones-da-anprotec-estarao-inoperantes-neste-fim-de-semana-devido-a-mudanca-de-sede\/","title":{"rendered":"Telefones da Anprotec estar\u00e3o inoperantes neste fim de semana devido \u00e0 mudan\u00e7a de sede"},"content":{"rendered":"<p>Devido \u00e0 mudan\u00e7a da sede da Anprotec para o\u00a0Parque Tecnol\u00f3gico de Bras\u00edlia &#8211; BIOTIC, os telefones da Associa\u00e7\u00e3o estar\u00e3o inoperantes a partir de hoje, sexta-feira, 28 de setembro, \u00e0s 16h, at\u00e9 segunda-feira, 1\u00ba de outubro, \u00e0s 8h.<\/p>\n<p>Agradecemos a compreens\u00e3o de todos.<\/p>\n","protected":false},"excerpt":{"rendered":"<p>Devido \u00e0 mudan\u00e7a da sede da Anprotec para o\u00a0Parque Tecnol\u00f3gico<span class=\"excerpt-hellip\"> [\u2026]<\/span><\/p>\n","protected":false},"author":10,"featured_media":26896,"comment_status":"closed","ping_status":"closed","sticky":false,"template":"","format":"standard","meta":{"footnotes":"","_links_to":"","_links_to_target":""},"categories":[3],"tags":[],"calendar":[],"_links":{"self":[{"href":"https:\/\/anprotec.org.br\/site\/wp-json\/wp\/v2\/posts\/26895"}],"collection":[{"href":"https:\/\/anprotec.org.br\/site\/wp-json\/wp\/v2\/posts"}],"about":[{"href":"https:\/\/anprotec.org.br\/site\/wp-json\/wp\/v2\/types\/post"}],"author":[{"embeddable":true,"href":"https:\/\/anprotec.org.br\/site\/wp-json\/wp\/v2\/users\/10"}],"replies":[{"embeddable":true,"href":"https:\/\/anprotec.org.br\/site\/wp-json\/wp\/v2\/comments?post=26895"}],"version-history":[{"count":1,"href":"https:\/\/anprotec.org.br\/site\/wp-json\/wp\/v2\/posts\/26895\/revisions"}],"predecessor-version":[{"id":26897,"href":"https:\/\/anprotec.org.br\/site\/wp-json\/wp\/v2\/posts\/26895\/revisions\/26897"}],"wp:featuredmedia":[{"embeddable":true,"href":"https:\/\/anprotec.org.br\/site\/wp-json\/wp\/v2\/media\/26896"}],"wp:attachment":[{"href":"https:\/\/anprotec.org.br\/site\/wp-json\/wp\/v2\/media?parent=26895"}],"wp:term":[{"taxonomy":"category","embeddable":true,"href":"https:\/\/anprotec.org.br\/site\/wp-json\/wp\/v2\/categories?post=26895"},{"taxonomy":"post_tag","embeddable":true,"href":"https:\/\/anprotec.org.br\/site\/wp-json\/wp\/v2\/tags?post=26895"},{"taxonomy":"calendar","embeddable":true,"href":"https:\/\/anprotec.org.br\/site\/wp-json\/wp\/v2\/calendar?post=26895"}],"curies":[{"name":"wp","href":"https:\/\/api.w.org\/{rel}","templated":true}]}}