{"id":26800,"date":"2018-09-25T12:14:05","date_gmt":"2018-09-25T15:14:05","guid":{"rendered":"http:\/\/anprotec.org.br\/site\/?p=26800"},"modified":"2020-04-10T14:47:15","modified_gmt":"2020-04-10T17:47:15","slug":"manifestacao-em-apoio-a-independencia-tecnica-do-instituto-nacional-da-propriedade-industrial-inpi","status":"publish","type":"post","link":"https:\/\/anprotec.org.br\/site\/2018\/09\/manifestacao-em-apoio-a-independencia-tecnica-do-instituto-nacional-da-propriedade-industrial-inpi\/","title":{"rendered":"Anprotec subscreve carta em apoio \u00e0 independ\u00eancia t\u00e9cnica do Instituto Nacional da Propriedade Industrial\u2014 INPI"},"content":{"rendered":"<p><img decoding=\"async\" loading=\"lazy\" class=\"size-thumbnail wp-image-26801 alignleft\" src=\"https:\/\/anprotec.org.br\/site\/wp-content\/uploads\/2018\/09\/anprotec-2-270x160.jpg\" alt=\"\" width=\"270\" height=\"160\" \/>Com base na repercuss\u00e3o de acontecimentos recentes envolvendo o Instituto Nacional da Propriedade Industrial \u2013 INPI, a Anprotec, assim como outras entidades que englobam diversos setores, declara o seu apoio ao INPI por meio da subscri\u00e7\u00e3o da carta de Manifesta\u00e7\u00e3o em Apoio \u00e0 Independ\u00eancia T\u00e9cnica do Instituto Nacional da Propriedade Industrial-INPI.<\/p>\n<p>Leia a carta na \u00edntegra clicando no link abaixo.<\/p>\n<p><a href=\"https:\/\/anprotec.org.br\/site\/wp-content\/uploads\/2018\/09\/2-INPI_Manifestacao_Entidades_Apoio.pdf\" target=\"_blank\" rel=\"noopener\">https:\/\/anprotec.org.br\/site\/wp-content\/uploads\/2018\/09\/2-INPI_Manifestacao_Entidades_Apoio.pdf<\/a><\/p>\n","protected":false},"excerpt":{"rendered":"<p>Com base na repercuss\u00e3o de acontecimentos recentes envolvendo o Instituto<span class=\"excerpt-hellip\"> [\u2026]<\/span><\/p>\n","protected":false},"author":10,"featured_media":26801,"comment_status":"closed","ping_status":"closed","sticky":false,"template":"","format":"standard","meta":{"footnotes":"","_links_to":"","_links_to_target":""},"categories":[3],"tags":[],"calendar":[],"_links":{"self":[{"href":"https:\/\/anprotec.org.br\/site\/wp-json\/wp\/v2\/posts\/26800"}],"collection":[{"href":"https:\/\/anprotec.org.br\/site\/wp-json\/wp\/v2\/posts"}],"about":[{"href":"https:\/\/anprotec.org.br\/site\/wp-json\/wp\/v2\/types\/post"}],"author":[{"embeddable":true,"href":"https:\/\/anprotec.org.br\/site\/wp-json\/wp\/v2\/users\/10"}],"replies":[{"embeddable":true,"href":"https:\/\/anprotec.org.br\/site\/wp-json\/wp\/v2\/comments?post=26800"}],"version-history":[{"count":2,"href":"https:\/\/anprotec.org.br\/site\/wp-json\/wp\/v2\/posts\/26800\/revisions"}],"predecessor-version":[{"id":26832,"href":"https:\/\/anprotec.org.br\/site\/wp-json\/wp\/v2\/posts\/26800\/revisions\/26832"}],"wp:featuredmedia":[{"embeddable":true,"href":"https:\/\/anprotec.org.br\/site\/wp-json\/wp\/v2\/media\/26801"}],"wp:attachment":[{"href":"https:\/\/anprotec.org.br\/site\/wp-json\/wp\/v2\/media?parent=26800"}],"wp:term":[{"taxonomy":"category","embeddable":true,"href":"https:\/\/anprotec.org.br\/site\/wp-json\/wp\/v2\/categories?post=26800"},{"taxonomy":"post_tag","embeddable":true,"href":"https:\/\/anprotec.org.br\/site\/wp-json\/wp\/v2\/tags?post=26800"},{"taxonomy":"calendar","embeddable":true,"href":"https:\/\/anprotec.org.br\/site\/wp-json\/wp\/v2\/calendar?post=26800"}],"curies":[{"name":"wp","href":"https:\/\/api.w.org\/{rel}","templated":true}]}}