{"id":26742,"date":"2018-09-20T11:02:31","date_gmt":"2018-09-20T14:02:31","guid":{"rendered":"http:\/\/anprotec.org.br\/site\/?p=26742"},"modified":"2018-09-21T14:36:23","modified_gmt":"2018-09-21T17:36:23","slug":"carta-anprotec-ao-futuro-presidente-e-destaque-em-cerimonia-de-encerramento-da-conferencia-2018","status":"publish","type":"post","link":"https:\/\/anprotec.org.br\/site\/2018\/09\/carta-anprotec-ao-futuro-presidente-e-destaque-em-cerimonia-de-encerramento-da-conferencia-2018\/","title":{"rendered":"\u201cCarta Anprotec ao Futuro Presidente da Rep\u00fablica\u201d \u00e9 destaque em cerim\u00f4nia de encerramento da Confer\u00eancia 2018"},"content":{"rendered":"<p><img decoding=\"async\" loading=\"lazy\" class=\"alignleft size-thumbnail wp-image-26743\" src=\"https:\/\/anprotec.org.br\/site\/wp-content\/uploads\/2018\/09\/WhatsApp-Image-2018-09-20-at-10.41.26-270x160.jpeg\" alt=\"\" width=\"270\" height=\"160\" \/>Ap\u00f3s tr\u00eas dias de intensas atividades, com minicursos, workshops, f\u00f3runs, pain\u00e9is tem\u00e1ticos, encontro de l\u00edderes tem\u00e1ticos da Associa\u00e7\u00e3o, sess\u00f5es t\u00e9cnicas de apresenta\u00e7\u00e3o de artigos, que contaram com a participa\u00e7\u00e3o de 650 pessoas, a Confer\u00eancia Anprotec 2018 chegou ao fim na tarde desta quarta-feira (19\/9).<\/p>\n<p>Participaram do painel de encerramento, Jos\u00e9 Alberto Sampaio Aranha, presidente da Anprotec, Vin\u00edcius Lages, diretor de Administra\u00e7\u00e3o e Finan\u00e7as do Sebrae, institui\u00e7\u00e3o que co-realiza o evento, e Roberto da Piedade Francisco, superintendente de Ci\u00eancia e Tecnologia do Estado de Goi\u00e1s, representando a Secretaria de Desenvolvimento do Estado (SED), organizadora local do evento.<\/p>\n<p>Aranha abriu a sess\u00e3o agradecendo todas as institui\u00e7\u00f5es e profissionais que contribu\u00edram para a realiza\u00e7\u00e3o do evento. \u00a0\u201cNossa Confer\u00eancia foi um sucesso, gra\u00e7as ao engajamento e a contribui\u00e7\u00e3o do Sebrae, co-realizador do evento, os organizadores locais da Secretaria de Desenvolvimento\u00a0 Econ\u00f4mico, Cient\u00edfico e Tecnol\u00f3gico e de Agricultura, Pecu\u00e1ria e Irriga\u00e7\u00e3o do Estado de Goi\u00e1s, nossos patrocinadores, a Apex, a Finep, a ABDI e o CNPq, nossos mais de 300 associados, o Minist\u00e9rio da Ci\u00eancia, Tecnologia, Inova\u00e7\u00f5es e Comunica\u00e7\u00f5es, com seu apoio institucional, as institui\u00e7\u00f5es que t\u00eam atua\u00e7\u00e3o sin\u00e9rgica \u00e0 Anprotec, principalmente as da RNAII (Rede Nacional de Associa\u00e7\u00f5es de Inova\u00e7\u00e3o e Investimentos) e de toda a equipe da Anprotec. S\u00f3 tenho a agradecer a todos\u201d, falou Aranha.<\/p>\n<p>Para Vin\u00edcius Lage, a Confer\u00eancia Anprotec contribuiu de forma decisiva para que o Brasil pense o agroneg\u00f3cio al\u00e9m da produ\u00e7\u00e3o de alimentos. \u201cTrouxemos no F\u00f3rum Sebrae, realizado dentro da Confer\u00eancia, exemplos de startups e empresas que desenvolvem tecnologias, no Brasil, que contribuem para tornar o agroneg\u00f3cio mais competitivo, eficiente e sustent\u00e1vel. Encontros como esse servem para disseminar que podemos construir e desenvolver novas tecnologias aqui no Brasil; e os ambientes de inova\u00e7\u00e3o associados \u00e0 Anprotec t\u00eam papel fundamental nisso\u201d, disse o executivo.<\/p>\n<p>\u201cPudemos mostrar para os visitantes um Estado que tem tido um crescimento s\u00f3lido gra\u00e7as, principalmente, ao agroneg\u00f3cio\u201d, falou Roberto Francisco, da SED, que continuou: \u201cEspero que, como resultado deste encontro, as startups presentes nas incubadoras, aceleradoras e parques tecnol\u00f3gicos associados \u00e0 Anprotec possam ter cada vez mais o setor agr\u00edcola como objetivo de seus neg\u00f3cios e solu\u00e7\u00f5es criativas\u201d.<\/p>\n<p>Ao final da sess\u00e3o, Aranha leu para os participantes a \u201cCarta Anprotec ao Futuro Presidente da Rep\u00fablica\u201d, resultado do workshop Anprotec (confira a <a href=\"https:\/\/anprotec.org.br\/site\/2018\/09\/workshop-anprotec-apresenta-cases-nacionais-e-internacionais-de-ambientes-de-inovacao-e-propostas-aos-presidenciaveis-sobre-o-tema\/\" target=\"_blank\" rel=\"noopener\">mat\u00e9ria<\/a> que contribuiu para a cria\u00e7\u00e3o do documento).<\/p>\n<p>\u201cEste \u00e9 um documento que consolida as reflex\u00f5es da Associa\u00e7\u00e3o, atrav\u00e9s de suas in\u00fameras atividades, como a atua\u00e7\u00e3o de seus l\u00edderes tem\u00e1ticos, miss\u00f5es internacionais, programas de capacita\u00e7\u00e3o, acompanhamento legislativo e articula\u00e7\u00e3o institucional. Temos um documento constru\u00eddo com a contribui\u00e7\u00e3o de muita gente importante. Temos a convic\u00e7\u00e3o de que os ambientes de inova\u00e7\u00e3o que comp\u00f5em a Anprotec t\u00eam papel decisivo na constru\u00e7\u00e3o de um Brasil melhor e, por isso, apresentamos este documento, que \u00e9 e ser\u00e1 o norte da atua\u00e7\u00e3o da Anprotec\u201d, discursou o presidente.<\/p>\n<p>Confira <a href=\"https:\/\/anprotec.org.br\/site\/wp-content\/uploads\/2018\/09\/Carta-Anprotec.pdf\" target=\"_blank\" rel=\"noopener\"><strong>aqui<\/strong> <\/a>o documento.<\/p>\n","protected":false},"excerpt":{"rendered":"<p>Ap\u00f3s tr\u00eas dias de intensas atividades, com minicursos, workshops, f\u00f3runs,<span class=\"excerpt-hellip\"> [\u2026]<\/span><\/p>\n","protected":false},"author":10,"featured_media":26743,"comment_status":"closed","ping_status":"closed","sticky":false,"template":"","format":"standard","meta":{"footnotes":"","_links_to":"","_links_to_target":""},"categories":[3],"tags":[],"calendar":[],"_links":{"self":[{"href":"https:\/\/anprotec.org.br\/site\/wp-json\/wp\/v2\/posts\/26742"}],"collection":[{"href":"https:\/\/anprotec.org.br\/site\/wp-json\/wp\/v2\/posts"}],"about":[{"href":"https:\/\/anprotec.org.br\/site\/wp-json\/wp\/v2\/types\/post"}],"author":[{"embeddable":true,"href":"https:\/\/anprotec.org.br\/site\/wp-json\/wp\/v2\/users\/10"}],"replies":[{"embeddable":true,"href":"https:\/\/anprotec.org.br\/site\/wp-json\/wp\/v2\/comments?post=26742"}],"version-history":[{"count":2,"href":"https:\/\/anprotec.org.br\/site\/wp-json\/wp\/v2\/posts\/26742\/revisions"}],"predecessor-version":[{"id":26756,"href":"https:\/\/anprotec.org.br\/site\/wp-json\/wp\/v2\/posts\/26742\/revisions\/26756"}],"wp:featuredmedia":[{"embeddable":true,"href":"https:\/\/anprotec.org.br\/site\/wp-json\/wp\/v2\/media\/26743"}],"wp:attachment":[{"href":"https:\/\/anprotec.org.br\/site\/wp-json\/wp\/v2\/media?parent=26742"}],"wp:term":[{"taxonomy":"category","embeddable":true,"href":"https:\/\/anprotec.org.br\/site\/wp-json\/wp\/v2\/categories?post=26742"},{"taxonomy":"post_tag","embeddable":true,"href":"https:\/\/anprotec.org.br\/site\/wp-json\/wp\/v2\/tags?post=26742"},{"taxonomy":"calendar","embeddable":true,"href":"https:\/\/anprotec.org.br\/site\/wp-json\/wp\/v2\/calendar?post=26742"}],"curies":[{"name":"wp","href":"https:\/\/api.w.org\/{rel}","templated":true}]}}