{"id":26739,"date":"2018-09-19T19:43:44","date_gmt":"2018-09-19T22:43:44","guid":{"rendered":"http:\/\/anprotec.org.br\/site\/?p=26739"},"modified":"2018-09-19T19:43:44","modified_gmt":"2018-09-19T22:43:44","slug":"anprotec-e-biotic-formalizam-acordo-de-mudanca-da-associacao-para-parque-tecnologico","status":"publish","type":"post","link":"https:\/\/anprotec.org.br\/site\/2018\/09\/anprotec-e-biotic-formalizam-acordo-de-mudanca-da-associacao-para-parque-tecnologico\/","title":{"rendered":"Anprotec e BIOTIC formalizam acordo de mudan\u00e7a da associa\u00e7\u00e3o para parque tecnol\u00f3gico"},"content":{"rendered":"<p><img decoding=\"async\" loading=\"lazy\" class=\"alignleft size-thumbnail wp-image-26740\" src=\"https:\/\/anprotec.org.br\/site\/wp-content\/uploads\/2018\/09\/WhatsApp-Image-2018-09-19-at-19.14.08-270x160.jpeg\" alt=\"\" width=\"270\" height=\"160\" \/>A partir do pr\u00f3ximo m\u00eas, a Anprotec estar\u00e1 de casa nova! O novo endere\u00e7o da Associa\u00e7\u00e3o, e de outras entidades, como o Sebrae, \u00e9 o BIOTIC \u2013 parque tecnol\u00f3gico de Bras\u00edlia inaugurado no dia 21 de julho deste ano. A assinatura do termo que oficializa a parceria aconteceu hoje (19\/09) durante a cerimonia de encerramento da Confer\u00eancia Anprotec 2018, em Goi\u00e2nia \u2013 GO.<\/p>\n<p>O presidente da associa\u00e7\u00e3o, Jos\u00e9 Alberto Sampaio Aranha, ressaltou o ganho que a institui\u00e7\u00e3o tem por estar mais pr\u00f3xima dos atores de inova\u00e7\u00e3o dentro do primeiro parque tecnol\u00f3gico da capital brasileira, e agradeceu pela oportunidade.<\/p>\n<p>\u201cPela natureza da Anprotec, e por tudo que desenvolvemos, era mais do que esperado que estiv\u00e9ssemos dentro de um parque tecnol\u00f3gico; e agora com a constru\u00e7\u00e3o do BIOTIC, isso se concretiza. \u00c9 uma honra poder participar desse marco para o sistema de inova\u00e7\u00e3o de Bras\u00edlia\u201d, enfatizou Aranha.<\/p>\n<p>A constru\u00e7\u00e3o do parque vem de um projeto de 20 anos atr\u00e1s, que ficou ocioso durante 15 anos. Agora, tem como proposta a promo\u00e7\u00e3o do ecossistema de inova\u00e7\u00e3o por meio de uma estrutura integrada entre a academia, o governo e a iniciativa privada. O projeto \u00e9 uma realiza\u00e7\u00e3o da comunidade cient\u00edfica e inovadora da capital, como explicou o presidente do BIOTIC, M\u00e1rio Henrique Lima.<\/p>\n<p>\u201cN\u00f3s estamos nascendo agora, mas estamos muito orgulhosos, porque faz 20 anos que a sociedade brasiliense sonha e espera um parque tecnol\u00f3gico, que possa ajudar a desenvolver os setores de P&amp;D das empresas e startups, principalmente nas \u00e1reas de Biotecnologia e a Tecnologia da Informa\u00e7\u00e3o e Comunica\u00e7\u00e3o\u201d, contou Lima.<\/p>\n<p>Al\u00e9m da Anprotec, o BIOTIC abrigar\u00e1 a Abipti (Associa\u00e7\u00e3o Brasileira das Institui\u00e7\u00f5es de Pesquisa Tecnol\u00f3gica e Inova\u00e7\u00e3o), a Fibra (Federa\u00e7\u00e3o das Ind\u00fastrias do Distrito Federal) e o espa\u00e7o de co-working do Sebrae, chamado Sebrae Lab.<\/p>\n<p>\u201cO espa\u00e7o surge para ajudar Bras\u00edlia a recuperar seu nome e o tempo perdido, porque nascemos para ser refer\u00eancia em inova\u00e7\u00e3o, e estamos num momento muito cr\u00edtico. O futuro do nosso pa\u00eds depende da inova\u00e7\u00e3o tecnol\u00f3gica. S\u00e3o startups inovadoras e empresas de tecnologia que v\u00e3o criar mais empregos e que ajudar\u00e3o na seguran\u00e7a p\u00fablica e at\u00e9 na economia\u201d, pontuou Lima.<\/p>\n","protected":false},"excerpt":{"rendered":"<p>A partir do pr\u00f3ximo m\u00eas, a Anprotec estar\u00e1 de casa<span class=\"excerpt-hellip\"> [\u2026]<\/span><\/p>\n","protected":false},"author":10,"featured_media":26740,"comment_status":"closed","ping_status":"closed","sticky":false,"template":"","format":"standard","meta":{"footnotes":"","_links_to":"","_links_to_target":""},"categories":[3],"tags":[],"calendar":[],"_links":{"self":[{"href":"https:\/\/anprotec.org.br\/site\/wp-json\/wp\/v2\/posts\/26739"}],"collection":[{"href":"https:\/\/anprotec.org.br\/site\/wp-json\/wp\/v2\/posts"}],"about":[{"href":"https:\/\/anprotec.org.br\/site\/wp-json\/wp\/v2\/types\/post"}],"author":[{"embeddable":true,"href":"https:\/\/anprotec.org.br\/site\/wp-json\/wp\/v2\/users\/10"}],"replies":[{"embeddable":true,"href":"https:\/\/anprotec.org.br\/site\/wp-json\/wp\/v2\/comments?post=26739"}],"version-history":[{"count":1,"href":"https:\/\/anprotec.org.br\/site\/wp-json\/wp\/v2\/posts\/26739\/revisions"}],"predecessor-version":[{"id":26741,"href":"https:\/\/anprotec.org.br\/site\/wp-json\/wp\/v2\/posts\/26739\/revisions\/26741"}],"wp:featuredmedia":[{"embeddable":true,"href":"https:\/\/anprotec.org.br\/site\/wp-json\/wp\/v2\/media\/26740"}],"wp:attachment":[{"href":"https:\/\/anprotec.org.br\/site\/wp-json\/wp\/v2\/media?parent=26739"}],"wp:term":[{"taxonomy":"category","embeddable":true,"href":"https:\/\/anprotec.org.br\/site\/wp-json\/wp\/v2\/categories?post=26739"},{"taxonomy":"post_tag","embeddable":true,"href":"https:\/\/anprotec.org.br\/site\/wp-json\/wp\/v2\/tags?post=26739"},{"taxonomy":"calendar","embeddable":true,"href":"https:\/\/anprotec.org.br\/site\/wp-json\/wp\/v2\/calendar?post=26739"}],"curies":[{"name":"wp","href":"https:\/\/api.w.org\/{rel}","templated":true}]}}