{"id":26703,"date":"2018-09-18T16:19:53","date_gmt":"2018-09-18T19:19:53","guid":{"rendered":"http:\/\/anprotec.org.br\/site\/?p=26703"},"modified":"2018-10-11T17:50:35","modified_gmt":"2018-10-11T20:50:35","slug":"anprotec-sebrae-e-ice-lancam-nova-chamada-para-negocios-de-impacto-durante-a-conferencia-anprotec","status":"publish","type":"post","link":"https:\/\/anprotec.org.br\/site\/2018\/09\/anprotec-sebrae-e-ice-lancam-nova-chamada-para-negocios-de-impacto-durante-a-conferencia-anprotec\/","title":{"rendered":"Anprotec, Sebrae e ICE lan\u00e7am nova chamada para neg\u00f3cios de impacto durante a Confer\u00eancia Anprotec"},"content":{"rendered":"<p><img decoding=\"async\" loading=\"lazy\" class=\"alignleft size-thumbnail wp-image-26704\" src=\"https:\/\/anprotec.org.br\/site\/wp-content\/uploads\/2018\/09\/WhatsApp-Image-2018-09-18-at-15.11.47-1-270x160.jpeg\" alt=\"\" width=\"270\" height=\"160\" \/>A Anprotec, o Sebrae e o ICE (Instituto de Cidadania Empresarial) anunciaram, nesta ter\u00e7a-feira (18\/9), a abertura de um novo edital para o Programa de Incuba\u00e7\u00e3o e Acelera\u00e7\u00e3o de Impacto. O lan\u00e7amento foi feito durante a 28\u00aa Confer\u00eancia Anprotec, que acontece no Centro de Conven\u00e7\u00f5es Goi\u00e2nia, em Goi\u00e2nia (GO).<\/p>\n<p>O programa tem como objetivo mobilizar incubadoras e aceleradoras de todo o Brasil para a atrac\u0327a\u0303o, selec\u0327a\u0303o e acompanhamento de nego\u0301cios de impacto social e ambiental. Para isso, a iniciativa pretende capacitar estes ambientes de inova\u00e7\u00e3o e auxili\u00e1-los na cria\u00e7\u00e3o de planos de ac\u0327a\u0303o nessa tem\u00e1tica.<\/p>\n<p>As inscric\u0327o\u0303es estara\u0303o abertas a partir de 18 de setembro e se estender\u00e3o ate\u0301 o dia 22 de outubro de 2018, exclusivamente via internet pelo site <a href=\"http:\/\/www.anprotec.org.br\/negociosdeimpacto\">www.anprotec.org.br\/negociosdeimpacto<\/a>. Podera\u0303o participar incubadoras e aceleradoras, associadas \u00e0 Anprotec, que operem h\u00e1 pelo menos dois anos e que tenham acelerado ou incubado no m\u00ednimo quatro neg\u00f3cios.<\/p>\n<p>\u201cSempre que sou perguntada sobre qual \u00e9 minha aposta ou vis\u00e3o para o futuro, uma de minhas respostas \u00e9 o empreendedorismo com prop\u00f3sito, associado \u00e0 tecnologia e inova\u00e7\u00e3o. Acredito que desta forma podemos resolver os grandes desafios do nosso pa\u00eds, atrav\u00e9s de empresas competitivas, escal\u00e1veis e inovadoras, com foco em resolver problemas ambientais e sociais. E, \u00e9 isso que fazemos atrav\u00e9s deste programa\u201d, destacou Sheila Oliveira Pires, superintendente executiva da Anprotec, explicando o seu entusiasmo pelo tema.<\/p>\n<p>Em seu quarto ano, o programa j\u00e1 alcan\u00e7ou a marca de 56 incubadoras capacitadas, como destacou Krishna Aum de Faria, da Unidade de Acesso \u00e0 Inova\u00e7\u00e3o, Tecnologia e Sustentabilidade do Sebrae. \u201cQuando iniciamos o programa, h\u00e1 quatro anos, n\u00e3o imagin\u00e1vamos a propor\u00e7\u00e3o que ele iria alcan\u00e7ar. Antes n\u00f3s t\u00ednhamos a miss\u00e3o de sensibilizar os atores do ecossistema para o tema de empreendedorismo de impacto. Hoje ele \u00e9 uma realidade concreta e as incubadoras nos procuram para tratar disso. J\u00e1 alcan\u00e7amos in\u00fameros cases s\u00f3lidos no tema\u201d, explicou Faria.<\/p>\n<p>Fernanda Bombardi, gerente-executiva\u00a0do ICE, parceiro na organiza\u00e7\u00e3o do programa, destacou as novidades desta rodada. \u201cEsse ano tivemos a cria\u00e7\u00e3o de uma nova etapa, uma miss\u00e3o internacional para as incubadoras participantes, em que visitaremos algumas refer\u00eancias mundiais no tema\u201d, apontou.<\/p>\n<p><strong>Como funciona a chamada<\/strong><\/p>\n<p>O programa ter\u00e1 tr\u00eas fases para as incubadoras e aceleradoras selecionadas. A primeira etapa delas ocorrer\u00e1 entre dezembro de 2018 e maio de 2019 e tem como foco a capacita\u00e7\u00e3o dos participantes na tem\u00e1tica de neg\u00f3cios de impacto. Esta fase sera\u0301 conclui\u0301da com a elaborac\u0327a\u0303o de um plano de ac\u0327a\u0303o para a inclusa\u0303o dos nego\u0301cios de impacto na estrate\u0301gia e no portfo\u0301lio da participante.<\/p>\n<p>A segunda etapa \u00e9 um desafio dentre os planos de ac\u0327a\u0303o apresentados. Os realizadores do programa selecionara\u0303o ate\u0301 10 deles, de todas as regio\u0303es do Brasil, para participarem de uma final, em que estes planos ser\u00e3o apresentados para uma banca avaliadora independente, composta por diversos atores que atuam com Financ\u0327as Sociais e Nego\u0301cios de Impacto, ale\u0301m de representantes dos financiadores do Programa.<\/p>\n<p>Esta banca selecionara\u0301 ate\u0301 5 vencedores, sendo um de cada regia\u0303o do Brasil, que recebera\u0303o uma premiac\u0327a\u0303o na forma de mentoria de associados do ICE, participar\u00e3o de Missa\u0303o Internacional de imersa\u0303o e aprendizado, com a participac\u0327a\u0303o em eventos e visitas para ecossistemas que atuam na tema\u0301tica do programa, completando, assim, a terceira etapa da iniciativa.<\/p>\n<p>Para saber mais sobre o Programa de Incuba\u00e7\u00e3o e Acelera\u00e7\u00e3o de Impacto, escreva para endere\u00e7o\u00a0<a href=\"mailto:impacto@anprotec.org.br\">impacto@anprotec.org.br<\/a>.<\/p>\n<p><strong>Servi\u00e7o:<\/strong> Inscri\u00e7\u00f5es: de 18 de setembro a 22 de outubro de 2018, atrav\u00e9s do site:\u00a0<a href=\"http:\/\/www.anprotec.org.br\/negociosdeimpacto\/\">www.anprotec.org.br\/negociosdeimpacto\/<\/a><strong>\u00a0<\/strong><\/p>\n<p><strong>Sobre o Programa de Incuba\u00e7\u00e3o e Acelera\u00e7\u00e3o de Impacto<\/strong><\/p>\n<p>O Programa de Incuba\u00e7\u00e3o e Acelera\u00e7\u00e3o de Impacto \u00e9 realizado pela Anprotec em parceria com o Instituto de Cidadania Empresarial (ICE) e com o Servi\u00e7o Brasileiro de Apoio a Micro e Pequenas Empresas (Sebrae) e tem o objetivo de mobilizar aceleradoras e incubadoras a desenharem estrat\u00e9gias para atrair, selecionar e acompanhar a estrutura\u00e7\u00e3o de Neg\u00f3cios de Impacto Social no seu portf\u00f3lio.<\/p>\n<p><strong>Sobre a Anprotec<\/strong><\/p>\n<p>Criada em 1987, a Associa\u00e7\u00e3o Nacional de Entidades Promotoras de Empreendimentos Inovadores (Anprotec) re\u00fane cerca de 350 associados, entre incubadoras e aceleradoras de empresas, parques tecnol\u00f3gicos, institui\u00e7\u00f5es de ensino e pesquisa, \u00f3rg\u00e3os p\u00fablicos e outras entidades ligadas ao empreendedorismo e \u00e0 inova\u00e7\u00e3o. L\u00edder do movimento no Brasil, a Associa\u00e7\u00e3o atua por meio da promo\u00e7\u00e3o de atividades de capacita\u00e7\u00e3o, articula\u00e7\u00e3o de pol\u00edticas p\u00fablicas, gera\u00e7\u00e3o e dissemina\u00e7\u00e3o de conhecimentos. Atualmente, o Brasil conta com 369 incubadoras de empresas e cerca de 100 iniciativas de parques tecnol\u00f3gicos. Mais informa\u00e7\u00f5es\u00a0<a href=\"http:\/\/www.anprotec.org.br\">www.anprotec.org.br<\/a><\/p>\n<p><strong>ICE \u2013 Instituto de Cidadania Empresarial<\/strong><\/p>\n<p>O ICE \u00e9 uma organiza\u00e7\u00e3o da sociedade civil que atua na articula\u00e7\u00e3o de l\u00edderes e no fomento de iniciativas transformadoras, capazes de gerar impacto social positivo na popula\u00e7\u00e3o de baixa renda. H\u00e1 mais de 15 anos, o instituto trabalha no desenvolvimento de processos e projetos de inova\u00e7\u00e3o social, com foco na redu\u00e7\u00e3o da pobreza e da desigualdade socioecon\u00f4mica no Brasil. O ICE definiu como estrat\u00e9gia de atua\u00e7\u00e3o at\u00e9 2020 o fortalecimento do campo de Finan\u00e7as Sociais e Neg\u00f3cios de Impacto e tem contribu\u00eddo para a articula\u00e7\u00e3o de diferentes organiza\u00e7\u00f5es na gera\u00e7\u00e3o e dissemina\u00e7\u00e3o de conhecimento e na execu\u00e7\u00e3o de projetos que fortale\u00e7am atores estrat\u00e9gicos do campo. Saiba mais em\u00a0<a href=\"http:\/\/www.ice.org.br\">www.ice.org.br<\/a><\/p>\n<p><strong>Sebrae \u2013 Servi\u00e7o Brasileiro de Apoio a Micro e Pequenas Empresas<\/strong><\/p>\n<p>O Servi\u00e7o Brasileiro de Apoio \u00e0s Micro e Pequenas Empresas \u2013 SEBRAE \u00e9 uma entidade privada de car\u00e1ter p\u00fablico que promove a competitividade e o desenvolvimento sustent\u00e1vel dos pequenos neg\u00f3cios. S\u00e3o p\u00fablico do Sebrae: potencial empreendedor, potencial empres\u00e1rio, produtor rural, microempreendedor individual, microempresa e empresa de pequeno porte. Visite o endere\u00e7o\u00a0<a href=\"http:\/\/www.sebrae.com.br\/sites\/PortalSebrae\">http:\/\/www.sebrae.com.br\/sites\/PortalSebrae<\/a><\/p>\n","protected":false},"excerpt":{"rendered":"<p>A Anprotec, o Sebrae e o ICE (Instituto de Cidadania<span class=\"excerpt-hellip\"> [\u2026]<\/span><\/p>\n","protected":false},"author":10,"featured_media":26704,"comment_status":"closed","ping_status":"closed","sticky":false,"template":"","format":"standard","meta":{"footnotes":"","_links_to":"","_links_to_target":""},"categories":[3],"tags":[],"calendar":[],"_links":{"self":[{"href":"https:\/\/anprotec.org.br\/site\/wp-json\/wp\/v2\/posts\/26703"}],"collection":[{"href":"https:\/\/anprotec.org.br\/site\/wp-json\/wp\/v2\/posts"}],"about":[{"href":"https:\/\/anprotec.org.br\/site\/wp-json\/wp\/v2\/types\/post"}],"author":[{"embeddable":true,"href":"https:\/\/anprotec.org.br\/site\/wp-json\/wp\/v2\/users\/10"}],"replies":[{"embeddable":true,"href":"https:\/\/anprotec.org.br\/site\/wp-json\/wp\/v2\/comments?post=26703"}],"version-history":[{"count":2,"href":"https:\/\/anprotec.org.br\/site\/wp-json\/wp\/v2\/posts\/26703\/revisions"}],"predecessor-version":[{"id":27027,"href":"https:\/\/anprotec.org.br\/site\/wp-json\/wp\/v2\/posts\/26703\/revisions\/27027"}],"wp:featuredmedia":[{"embeddable":true,"href":"https:\/\/anprotec.org.br\/site\/wp-json\/wp\/v2\/media\/26704"}],"wp:attachment":[{"href":"https:\/\/anprotec.org.br\/site\/wp-json\/wp\/v2\/media?parent=26703"}],"wp:term":[{"taxonomy":"category","embeddable":true,"href":"https:\/\/anprotec.org.br\/site\/wp-json\/wp\/v2\/categories?post=26703"},{"taxonomy":"post_tag","embeddable":true,"href":"https:\/\/anprotec.org.br\/site\/wp-json\/wp\/v2\/tags?post=26703"},{"taxonomy":"calendar","embeddable":true,"href":"https:\/\/anprotec.org.br\/site\/wp-json\/wp\/v2\/calendar?post=26703"}],"curies":[{"name":"wp","href":"https:\/\/api.w.org\/{rel}","templated":true}]}}