{"id":26700,"date":"2018-09-18T14:51:01","date_gmt":"2018-09-18T17:51:01","guid":{"rendered":"http:\/\/anprotec.org.br\/site\/?p=26700"},"modified":"2018-09-18T14:51:01","modified_gmt":"2018-09-18T17:51:01","slug":"o-futuro-no-agronegocio-e-tema-de-palestra-durante-a-conferencia-anprotec-2018","status":"publish","type":"post","link":"https:\/\/anprotec.org.br\/site\/2018\/09\/o-futuro-no-agronegocio-e-tema-de-palestra-durante-a-conferencia-anprotec-2018\/","title":{"rendered":"O Futuro no Agroneg\u00f3cio \u00e9 tema de palestra durante a Confer\u00eancia Anprotec 2018"},"content":{"rendered":"<p><img decoding=\"async\" loading=\"lazy\" class=\"alignleft size-thumbnail wp-image-26701\" src=\"https:\/\/anprotec.org.br\/site\/wp-content\/uploads\/2018\/09\/WhatsApp-Image-2018-09-18-at-13.00.36-270x160.jpeg\" alt=\"\" width=\"270\" height=\"160\" \/>O presidente da Ag\u00eancia Goiana de Assist\u00eancia T\u00e9cnica, Extens\u00e3o Rural e Pesquisa Agropecu\u00e1ria (Emater), Pedro Arraes, encerrou o F\u00f3rum Sebrae de Inova\u00e7\u00e3o \u2013 Smart Farm, no primeiro dia da Confer\u00eancia Anprotec 2018 (17\/09), em Goiania-GO, com a palestra \u201cFuturo Agro no mundo: perspectivas e disrup\u00e7\u00f5es\u201d. Durante o painel, Arraes abordou as principais mudan\u00e7as, expectativas e consequ\u00eancias que podem impactar positivamente o agroneg\u00f3cio no Brasil e no mundo.<\/p>\n<p>O agroneg\u00f3cio tem um papel fundamental na ind\u00fastria brasileira, o PIB do setor tem apresentado resultados crescentes nos \u00faltimos anos, e, em 2017, teve um aumento de 7,6%. J\u00e1 neste ano, a previs\u00e3o \u00e9 de crescimento em 3,4%, segundo o Centro de Estudos Avan\u00e7ados em Economia Aplicada (Cepea), da Esalq\/USP.<\/p>\n<p>A tecnologia est\u00e1 cada vez mais presente nas atividades do setor. Com as ferramentas dispon\u00edveis atualmente, \u00e9 poss\u00edvel coletar dados importantes para otimizar o desempenho, aumentar a produtividade, e diminuir perdas e desperd\u00edcios.<\/p>\n<p>No entanto, mesmo com essas importantes mudan\u00e7as impactando positivamente o cen\u00e1rio do agroneg\u00f3cio, ainda h\u00e1 muito a se explorar neste campo. Arraes citou em seu discurso algumas das barreiras que prejudicam a evolu\u00e7\u00e3o. \u201cO agroneg\u00f3cio engloba muitas camadas da sociedade, e, por conta disso, alguns fatores ainda s\u00e3o obst\u00e1culos para o setor. Aquecimento global, aumento constante da popula\u00e7\u00e3o mundial e a migra\u00e7\u00e3o em massa para os centros urbanos t\u00eam consequ\u00eancias consider\u00e1veis nas ind\u00fastrias agro\u201d, afirmou o presidente da Emater.<\/p>\n<p>A presen\u00e7a de ferramentas inovadoras nos trabalhos rurais \u00e9 consequ\u00eancia de uma nova revolu\u00e7\u00e3o industrial, a denominada \u201cInd\u00fastria 4.0\u201d. O termo \u00e9 tema de diversas discuss\u00f5es atuais em praticamente todos os setores da ind\u00fastria. No agroneg\u00f3cio, um dos principais pontos que transformaram o trabalho no campo foi a possibilidade de obter informa\u00e7\u00f5es referentes \u00e0s planta\u00e7\u00f5es, aos animais, \u00e0 qualidade do solo, e \u00e0 umidade do ar. Atrav\u00e9s destes dados s\u00e3o gerados temas para pesquisas com foco no desenvolvimento de ferramentas inovadoras que contribuam com a evolu\u00e7\u00e3o do agroneg\u00f3cio.<\/p>\n<p>A pesquisa e o desenvolvimento t\u00eam um papel fundamental no progresso do agroneg\u00f3cio. Os m\u00e9todos cient\u00edficos devem ser utilizados como balizador para a tomada de decis\u00f5es, e para ado\u00e7\u00e3o de melhores pr\u00e1ticas e solu\u00e7\u00f5es. Neste sentido, deve ser estimulado o P&amp;D de longo prazo para solucionar problemas mais complexos. O grande desafio \u00e9 conseguir priorizar as solu\u00e7\u00f5es emergentes e, simultaneamente, desenvolver estudos focados em temas abstratos que demandam mais tempo.<\/p>\n<p>A Ind\u00fastria 4.0 impacta o agroneg\u00f3cio em \u00e1reas como microbiomas, edi\u00e7\u00e3o gen\u00e9tica, energia alternativa, agricultura de precis\u00e3o, e manejo do solo. Utilizando a edi\u00e7\u00e3o gen\u00e9tica como exemplo, estima-se que se 10 a 15% dos atores do agroneg\u00f3cio adotarem as transforma\u00e7\u00f5es gen\u00e9ticas, o que engloba de 60 a 100 milh\u00f5es de agricultores, o aumento da produ\u00e7\u00e3o ser\u00e1 de 100 a 400 milh\u00f5es de d\u00f3lares.<\/p>\n<p>Sobre esses impactos, Arraes destacou os resultados provenientes desses recursos em locais que j\u00e1 utilizam essas pr\u00e1ticas. \u201cAs tecnologias devem estar presentes em todas as fazendas, e seus benef\u00edcios devem ser demonstrados. Hoje, muita gente que mora em centros urbanos n\u00e3o conhecem o cen\u00e1rio do agroneg\u00f3cio. O cultivo protegido, por exemplo. Na Holanda se produz 90kg de tomate por metro quadrado, enquanto em Goi\u00e1s, maior produtor do agroneg\u00f3cio brasileiro este n\u00famero \u00e9 de 9kg por metro quadrado. O Brasil utiliza muito pouco o cultivo protegido, e isso, com certeza, influencia nos resultados\u201d. Arraes ainda ressaltou o papel das transforma\u00e7\u00f5es gen\u00e9ticas nesse sentido. \u201cAs rupturas na biologia molecular n\u00e3o precisam, necessariamente, ser alvo de pol\u00eamicas. Por meio desta pr\u00e1tica, \u00e9 poss\u00edvel corrigir DNA e reduzir, ou at\u00e9 eliminar pestes em animais e plantas. N\u00e3o podemos ter ideologias nesta \u00e1rea, temos que ser pragm\u00e1ticos, o mercado \u00e9 local e global ao mesmo tempo, e para n\u00f3s \u00e9 importante os dois, pois s\u00f3 exportamos 20% de tudo que produzimos\u201d, finalizou Arraes.<\/p>\n","protected":false},"excerpt":{"rendered":"<p>O presidente da Ag\u00eancia Goiana de Assist\u00eancia T\u00e9cnica, Extens\u00e3o Rural<span class=\"excerpt-hellip\"> [\u2026]<\/span><\/p>\n","protected":false},"author":10,"featured_media":26701,"comment_status":"closed","ping_status":"closed","sticky":false,"template":"","format":"standard","meta":{"footnotes":"","_links_to":"","_links_to_target":""},"categories":[3],"tags":[],"calendar":[],"_links":{"self":[{"href":"https:\/\/anprotec.org.br\/site\/wp-json\/wp\/v2\/posts\/26700"}],"collection":[{"href":"https:\/\/anprotec.org.br\/site\/wp-json\/wp\/v2\/posts"}],"about":[{"href":"https:\/\/anprotec.org.br\/site\/wp-json\/wp\/v2\/types\/post"}],"author":[{"embeddable":true,"href":"https:\/\/anprotec.org.br\/site\/wp-json\/wp\/v2\/users\/10"}],"replies":[{"embeddable":true,"href":"https:\/\/anprotec.org.br\/site\/wp-json\/wp\/v2\/comments?post=26700"}],"version-history":[{"count":1,"href":"https:\/\/anprotec.org.br\/site\/wp-json\/wp\/v2\/posts\/26700\/revisions"}],"predecessor-version":[{"id":26702,"href":"https:\/\/anprotec.org.br\/site\/wp-json\/wp\/v2\/posts\/26700\/revisions\/26702"}],"wp:featuredmedia":[{"embeddable":true,"href":"https:\/\/anprotec.org.br\/site\/wp-json\/wp\/v2\/media\/26701"}],"wp:attachment":[{"href":"https:\/\/anprotec.org.br\/site\/wp-json\/wp\/v2\/media?parent=26700"}],"wp:term":[{"taxonomy":"category","embeddable":true,"href":"https:\/\/anprotec.org.br\/site\/wp-json\/wp\/v2\/categories?post=26700"},{"taxonomy":"post_tag","embeddable":true,"href":"https:\/\/anprotec.org.br\/site\/wp-json\/wp\/v2\/tags?post=26700"},{"taxonomy":"calendar","embeddable":true,"href":"https:\/\/anprotec.org.br\/site\/wp-json\/wp\/v2\/calendar?post=26700"}],"curies":[{"name":"wp","href":"https:\/\/api.w.org\/{rel}","templated":true}]}}